{"id":9028,"date":"2022-11-30T15:00:44","date_gmt":"2022-11-30T14:00:44","guid":{"rendered":"https:\/\/historisches-kolleg.staging.dm-intern.de\/?p=9028"},"modified":"2023-08-03T17:50:21","modified_gmt":"2023-08-03T15:50:21","slug":"neue-fellows-fuer-das-kollegjahr-2023-2024-berufen","status":"publish","type":"post","link":"https:\/\/www.historischeskolleg.de\/en\/unkategorisiert\/neue-fellows-fuer-das-kollegjahr-2023-2024-berufen\/","title":{"rendered":"Neue Fellows f\u00fcr das Kollegjahr 2023\/2024 berufen"},"content":{"rendered":"\t\t<div data-elementor-type=\"wp-post\" data-elementor-id=\"9028\" class=\"elementor elementor-9028\" data-elementor-post-type=\"post\">\n\t\t\t\t\t\t<section class=\"elementor-section elementor-top-section elementor-element elementor-element-2167ed0 elementor-section-boxed elementor-section-height-default elementor-section-height-default\" data-id=\"2167ed0\" data-element_type=\"section\" data-e-type=\"section\">\n\t\t\t\t\t\t<div class=\"elementor-container elementor-column-gap-default\">\n\t\t\t\t\t<div class=\"elementor-column elementor-col-100 elementor-top-column elementor-element elementor-element-f0af977\" data-id=\"f0af977\" data-element_type=\"column\" data-e-type=\"column\">\n\t\t\t<div class=\"elementor-widget-wrap elementor-element-populated\">\n\t\t\t\t\t\t<div class=\"elementor-element elementor-element-043c189 elementor-widget elementor-widget-heading\" data-id=\"043c189\" data-element_type=\"widget\" data-e-type=\"widget\" data-widget_type=\"heading.default\">\n\t\t\t\t<div class=\"elementor-widget-container\">\n\t\t\t\t\t<h1 class=\"elementor-heading-title elementor-size-default\">Neue Fellows f\u00fcr das Kollegjahr 2023\/2024 berufen<\/h1>\t\t\t\t<\/div>\n\t\t\t\t<\/div>\n\t\t\t\t<div class=\"elementor-element elementor-element-0841ff5 elementor-widget-divider--view-line elementor-widget elementor-widget-divider\" data-id=\"0841ff5\" data-element_type=\"widget\" data-e-type=\"widget\" data-widget_type=\"divider.default\">\n\t\t\t\t<div class=\"elementor-widget-container\">\n\t\t\t\t\t\t\t<div class=\"elementor-divider\">\n\t\t\t<span class=\"elementor-divider-separator\">\n\t\t\t\t\t\t<\/span>\n\t\t<\/div>\n\t\t\t\t\t\t<\/div>\n\t\t\t\t<\/div>\n\t\t\t\t<div class=\"elementor-element elementor-element-57a2ba2 elementor-align-center elementor-widget elementor-widget-post-info\" data-id=\"57a2ba2\" data-element_type=\"widget\" data-e-type=\"widget\" data-widget_type=\"post-info.default\">\n\t\t\t\t<div class=\"elementor-widget-container\">\n\t\t\t\t\t\t\t<ul class=\"elementor-inline-items elementor-icon-list-items elementor-post-info\">\n\t\t\t\t\t\t\t\t<li class=\"elementor-icon-list-item elementor-repeater-item-0fbf284 elementor-inline-item\">\n\t\t\t\t\t\t\t\t\t\t<span class=\"elementor-icon-list-icon\">\n\t\t\t\t\t\t\t\t<i aria-hidden=\"true\" class=\"far fa-user\"><\/i>\t\t\t\t\t\t\t<\/span>\n\t\t\t\t\t\t\t\t\t<span class=\"elementor-icon-list-text elementor-post-info__item elementor-post-info__item--type-custom\">\n\t\t\t\t\t\t\t\t\t\tHistorisches Kolleg\t\t\t\t\t<\/span>\n\t\t\t\t\t\t\t\t<\/li>\n\t\t\t\t<li class=\"elementor-icon-list-item elementor-repeater-item-3c137b9 elementor-inline-item\" itemprop=\"datePublished\">\n\t\t\t\t\t\t\t\t\t\t<span class=\"elementor-icon-list-icon\">\n\t\t\t\t\t\t\t\t<i aria-hidden=\"true\" class=\"far fa-calendar-alt\"><\/i>\t\t\t\t\t\t\t<\/span>\n\t\t\t\t\t\t\t\t\t<span class=\"elementor-icon-list-text elementor-post-info__item elementor-post-info__item--type-date\">\n\t\t\t\t\t\t\t\t\t\t<time>30.11.2022<\/time>\t\t\t\t\t<\/span>\n\t\t\t\t\t\t\t\t<\/li>\n\t\t\t\t<\/ul>\n\t\t\t\t\t\t<\/div>\n\t\t\t\t<\/div>\n\t\t\t\t<div class=\"elementor-element elementor-element-914ffff elementor-widget-divider--view-line elementor-widget elementor-widget-divider\" data-id=\"914ffff\" data-element_type=\"widget\" data-e-type=\"widget\" data-widget_type=\"divider.default\">\n\t\t\t\t<div class=\"elementor-widget-container\">\n\t\t\t\t\t\t\t<div class=\"elementor-divider\">\n\t\t\t<span class=\"elementor-divider-separator\">\n\t\t\t\t\t\t<\/span>\n\t\t<\/div>\n\t\t\t\t\t\t<\/div>\n\t\t\t\t<\/div>\n\t\t\t\t\t<\/div>\n\t\t<\/div>\n\t\t\t\t\t<\/div>\n\t\t<\/section>\n\t\t\t\t<section class=\"elementor-section elementor-top-section elementor-element elementor-element-23f19bf elementor-section-boxed elementor-section-height-default elementor-section-height-default\" data-id=\"23f19bf\" data-element_type=\"section\" data-e-type=\"section\">\n\t\t\t\t\t\t<div class=\"elementor-container elementor-column-gap-default\">\n\t\t\t\t\t<div class=\"elementor-column elementor-col-100 elementor-top-column elementor-element elementor-element-faaa271\" data-id=\"faaa271\" data-element_type=\"column\" data-e-type=\"column\">\n\t\t\t<div class=\"elementor-widget-wrap elementor-element-populated\">\n\t\t\t\t\t\t<div class=\"elementor-element elementor-element-6d0731e elementor-widget elementor-widget-text-editor\" data-id=\"6d0731e\" data-element_type=\"widget\" data-e-type=\"widget\" data-widget_type=\"text-editor.default\">\n\t\t\t\t<div class=\"elementor-widget-container\">\n\t\t\t\t\t\t\t\t\t<div id=\"c3542\" class=\"frame frame-default frame-type-text frame-layout-0\">\n<div id=\"c3611\" class=\"frame frame-default frame-type-text frame-layout-0\">\n<p>An das Historische Kolleg wurden im 44. Kollegjahr 2023\/2024 (Beginn: 1. Oktober 2023) folgende Historikerinnen und Historiker berufen:<\/p>\n<ul>\n<li>\n<p>Dr. <strong>Roland F\u00e4rber<\/strong> (D\u00fcsseldorf) erforscht das Thema &#8220;Am Puls der Polis. Zur zeitlichen Organisation st\u00e4dtischen Lebens im Hellenismus&#8221;; die Mittel f\u00fcr sein Stipendium stellt Matthias Madelung zur Verf\u00fcgung.<\/p>\n<\/li>\n<li>\n<p>Prof. Dr. <strong>Yvonne Kleinmann<\/strong> (Halle-Wittenberg) arbeitet \u00fcber &#8220;Verfassungen im Gespr\u00e4ch. Polens politische Grundordnungen als Kultur- und Verflechtungsgeschichte&#8221;; sie ist Stipendiatin des K\u00e4te Hamburger Kollegs &#8220;global dis:connect&#8221; beim Historischen Kolleg.<\/p>\n<\/li>\n<li>\n<p>Dr. <strong>Iryna Klymenko<\/strong> (LMU M\u00fcnchen) widmet sich dem Thema &#8220;K\u00f6rper und Ordnung. Eine Religionsgeschichte von Nahrung und Kleidung in der fr\u00fchen Neuzeit&#8221;; sie ist Stipendiatin der Gerda Henkel Stiftung.<\/p>\n<\/li>\n<li>\n<p>PD Dr. <strong>Mieke Roscher<\/strong> (Kassel) forscht \u00fcber &#8220;Zucht und Z\u00fcchtung: Eine politische Tiergeschichte des &#8216;Dritten Reiches'&#8221;; sie ist Stipendiatin der Fritz Thyssen Stiftung.<\/p>\n<\/li>\n<li>\n<p>Dr. <strong>Maximilian Schuh<\/strong> (Duisburg-Essen) untersucht &#8220;Umweltwahrnehmungen im England des 14. Jahrhunderts&#8221;; er ist Stipendiat des Historischen Seminars der LMU und des Freundeskreises des Historischen Kollegs.<\/p>\n<\/li>\n<li>\n<p>Prof. Dr. <strong>Elke Seefried<\/strong> (Aachen) besch\u00e4ftigt sich mit dem Thema &#8220;Die Erfolgsgeschichte der Nachhaltigkeit&#8221;; sie ist Stipendiaten der C.H.Beck Kulturstiftung.<\/p>\n<\/li>\n<li>\n<p>Dr. <strong>Riccarda Suitner<\/strong> (DHI Rom) arbeitet \u00fcber &#8220;Hexenverfolgung, D\u00e4monologie und Wissenschaft in der italienischen und deutschen Aufkl\u00e4rung. Eine vergleichende Studie&#8221;; sie ist Stipendiatin der Max Weber Stiftung beim Historischen Kolleg.<\/p>\n<\/li>\n<\/ul>\n<p>Mit dem neuen Jahrgang sind seit der Gr\u00fcndung des Historischen Kollegs im Jahr 1980 insgesamt 179 Fellows in den Genuss eines einj\u00e4hrigen Stipendiums gelangt.<\/p>\n<\/div>\n<\/div>\t\t\t\t\t\t\t\t<\/div>\n\t\t\t\t<\/div>\n\t\t\t\t\t<\/div>\n\t\t<\/div>\n\t\t\t\t\t<\/div>\n\t\t<\/section>\n\t\t\t\t<\/div>\n\t\t","protected":false},"excerpt":{"rendered":"","protected":false},"author":3,"featured_media":5828,"comment_status":"closed","ping_status":"closed","sticky":false,"template":"","format":"standard","meta":{"footnotes":""},"categories":[1],"tags":[],"class_list":["post-9028","post","type-post","status-publish","format-standard","has-post-thumbnail","hentry","category-unkategorisiert"],"acf":[],"yoast_head":"<!-- This site is optimized with the Yoast SEO plugin v27.3 - https:\/\/yoast.com\/product\/yoast-seo-wordpress\/ -->\n<title>Neue Fellows f\u00fcr das Kollegjahr 2023\/2024 berufen - Historisches Kolleg<\/title>\n<meta name=\"robots\" content=\"index, follow, max-snippet:-1, max-image-preview:large, max-video-preview:-1\" \/>\n<link rel=\"canonical\" href=\"https:\/\/www.historischeskolleg.de\/en\/unkategorisiert\/neue-fellows-fuer-das-kollegjahr-2023-2024-berufen\/\" \/>\n<meta property=\"og:locale\" content=\"en_US\" \/>\n<meta property=\"og:type\" content=\"article\" \/>\n<meta property=\"og:title\" content=\"Neue Fellows f\u00fcr das Kollegjahr 2023\/2024 berufen - Historisches Kolleg\" \/>\n<meta property=\"og:url\" content=\"https:\/\/www.historischeskolleg.de\/en\/unkategorisiert\/neue-fellows-fuer-das-kollegjahr-2023-2024-berufen\/\" \/>\n<meta property=\"og:site_name\" content=\"Historisches Kolleg\" \/>\n<meta property=\"article:published_time\" content=\"2022-11-30T14:00:44+00:00\" \/>\n<meta property=\"article:modified_time\" content=\"2023-08-03T15:50:21+00:00\" \/>\n<meta property=\"og:image\" content=\"https:\/\/www.historischeskolleg.de\/app\/uploads\/2021\/12\/Arbeitszimmer-II.jpg\" \/>\n\t<meta property=\"og:image:width\" content=\"1522\" \/>\n\t<meta property=\"og:image:height\" content=\"1261\" \/>\n\t<meta property=\"og:image:type\" content=\"image\/jpeg\" \/>\n<meta name=\"author\" content=\"j.retterath\" \/>\n<meta name=\"twitter:card\" content=\"summary_large_image\" \/>\n<meta name=\"twitter:label1\" content=\"Written by\" \/>\n\t<meta name=\"twitter:data1\" content=\"j.retterath\" \/>\n\t<meta name=\"twitter:label2\" content=\"Est. reading time\" \/>\n\t<meta name=\"twitter:data2\" content=\"2 minutes\" \/>\n<script type=\"application\/ld+json\" class=\"yoast-schema-graph\">{\"@context\":\"https:\\\/\\\/schema.org\",\"@graph\":[{\"@type\":\"Article\",\"@id\":\"https:\\\/\\\/www.historischeskolleg.de\\\/en\\\/unkategorisiert\\\/neue-fellows-fuer-das-kollegjahr-2023-2024-berufen\\\/#article\",\"isPartOf\":{\"@id\":\"https:\\\/\\\/www.historischeskolleg.de\\\/en\\\/unkategorisiert\\\/neue-fellows-fuer-das-kollegjahr-2023-2024-berufen\\\/\"},\"author\":{\"name\":\"j.retterath\",\"@id\":\"https:\\\/\\\/www.historischeskolleg.de\\\/en\\\/#\\\/schema\\\/person\\\/fdf91b509dd5590cf95a02dfd5ba7199\"},\"headline\":\"Neue Fellows f\u00fcr das Kollegjahr 2023\\\/2024 berufen\",\"datePublished\":\"2022-11-30T14:00:44+00:00\",\"dateModified\":\"2023-08-03T15:50:21+00:00\",\"mainEntityOfPage\":{\"@id\":\"https:\\\/\\\/www.historischeskolleg.de\\\/en\\\/unkategorisiert\\\/neue-fellows-fuer-das-kollegjahr-2023-2024-berufen\\\/\"},\"wordCount\":252,\"publisher\":{\"@id\":\"https:\\\/\\\/www.historischeskolleg.de\\\/en\\\/#organization\"},\"image\":{\"@id\":\"https:\\\/\\\/www.historischeskolleg.de\\\/en\\\/unkategorisiert\\\/neue-fellows-fuer-das-kollegjahr-2023-2024-berufen\\\/#primaryimage\"},\"thumbnailUrl\":\"https:\\\/\\\/www.historischeskolleg.de\\\/app\\\/uploads\\\/2021\\\/12\\\/Arbeitszimmer-II.jpg\",\"articleSection\":[\"Unkategorisiert\"],\"inLanguage\":\"en-US\"},{\"@type\":\"WebPage\",\"@id\":\"https:\\\/\\\/www.historischeskolleg.de\\\/en\\\/unkategorisiert\\\/neue-fellows-fuer-das-kollegjahr-2023-2024-berufen\\\/\",\"url\":\"https:\\\/\\\/www.historischeskolleg.de\\\/en\\\/unkategorisiert\\\/neue-fellows-fuer-das-kollegjahr-2023-2024-berufen\\\/\",\"name\":\"Neue Fellows f\u00fcr das Kollegjahr 2023\\\/2024 berufen - Historisches Kolleg\",\"isPartOf\":{\"@id\":\"https:\\\/\\\/www.historischeskolleg.de\\\/en\\\/#website\"},\"primaryImageOfPage\":{\"@id\":\"https:\\\/\\\/www.historischeskolleg.de\\\/en\\\/unkategorisiert\\\/neue-fellows-fuer-das-kollegjahr-2023-2024-berufen\\\/#primaryimage\"},\"image\":{\"@id\":\"https:\\\/\\\/www.historischeskolleg.de\\\/en\\\/unkategorisiert\\\/neue-fellows-fuer-das-kollegjahr-2023-2024-berufen\\\/#primaryimage\"},\"thumbnailUrl\":\"https:\\\/\\\/www.historischeskolleg.de\\\/app\\\/uploads\\\/2021\\\/12\\\/Arbeitszimmer-II.jpg\",\"datePublished\":\"2022-11-30T14:00:44+00:00\",\"dateModified\":\"2023-08-03T15:50:21+00:00\",\"breadcrumb\":{\"@id\":\"https:\\\/\\\/www.historischeskolleg.de\\\/en\\\/unkategorisiert\\\/neue-fellows-fuer-das-kollegjahr-2023-2024-berufen\\\/#breadcrumb\"},\"inLanguage\":\"en-US\",\"potentialAction\":[{\"@type\":\"ReadAction\",\"target\":[\"https:\\\/\\\/www.historischeskolleg.de\\\/en\\\/unkategorisiert\\\/neue-fellows-fuer-das-kollegjahr-2023-2024-berufen\\\/\"]}]},{\"@type\":\"ImageObject\",\"inLanguage\":\"en-US\",\"@id\":\"https:\\\/\\\/www.historischeskolleg.de\\\/en\\\/unkategorisiert\\\/neue-fellows-fuer-das-kollegjahr-2023-2024-berufen\\\/#primaryimage\",\"url\":\"https:\\\/\\\/www.historischeskolleg.de\\\/app\\\/uploads\\\/2021\\\/12\\\/Arbeitszimmer-II.jpg\",\"contentUrl\":\"https:\\\/\\\/www.historischeskolleg.de\\\/app\\\/uploads\\\/2021\\\/12\\\/Arbeitszimmer-II.jpg\",\"width\":1522,\"height\":1261},{\"@type\":\"BreadcrumbList\",\"@id\":\"https:\\\/\\\/www.historischeskolleg.de\\\/en\\\/unkategorisiert\\\/neue-fellows-fuer-das-kollegjahr-2023-2024-berufen\\\/#breadcrumb\",\"itemListElement\":[{\"@type\":\"ListItem\",\"position\":1,\"name\":\"Home\",\"item\":\"https:\\\/\\\/www.historischeskolleg.de\\\/en\\\/\"},{\"@type\":\"ListItem\",\"position\":2,\"name\":\"Neue Fellows f\u00fcr das Kollegjahr 2023\\\/2024 berufen\"}]},{\"@type\":\"WebSite\",\"@id\":\"https:\\\/\\\/www.historischeskolleg.de\\\/en\\\/#website\",\"url\":\"https:\\\/\\\/www.historischeskolleg.de\\\/en\\\/\",\"name\":\"Historisches Kolleg\",\"description\":\"Institute for Advanced Study in History\",\"publisher\":{\"@id\":\"https:\\\/\\\/www.historischeskolleg.de\\\/en\\\/#organization\"},\"potentialAction\":[{\"@type\":\"SearchAction\",\"target\":{\"@type\":\"EntryPoint\",\"urlTemplate\":\"https:\\\/\\\/www.historischeskolleg.de\\\/en\\\/?s={search_term_string}\"},\"query-input\":{\"@type\":\"PropertyValueSpecification\",\"valueRequired\":true,\"valueName\":\"search_term_string\"}}],\"inLanguage\":\"en-US\"},{\"@type\":\"Organization\",\"@id\":\"https:\\\/\\\/www.historischeskolleg.de\\\/en\\\/#organization\",\"name\":\"Historisches Kolleg\",\"url\":\"https:\\\/\\\/www.historischeskolleg.de\\\/en\\\/\",\"logo\":{\"@type\":\"ImageObject\",\"inLanguage\":\"en-US\",\"@id\":\"https:\\\/\\\/www.historischeskolleg.de\\\/en\\\/#\\\/schema\\\/logo\\\/image\\\/\",\"url\":\"https:\\\/\\\/www.historischeskolleg.de\\\/app\\\/uploads\\\/2021\\\/07\\\/cropped-HK_Logo_quer_blau_mitZusatz_transparent.png\",\"contentUrl\":\"https:\\\/\\\/www.historischeskolleg.de\\\/app\\\/uploads\\\/2021\\\/07\\\/cropped-HK_Logo_quer_blau_mitZusatz_transparent.png\",\"width\":1300,\"height\":296,\"caption\":\"Historisches Kolleg\"},\"image\":{\"@id\":\"https:\\\/\\\/www.historischeskolleg.de\\\/en\\\/#\\\/schema\\\/logo\\\/image\\\/\"}},{\"@type\":\"Person\",\"@id\":\"https:\\\/\\\/www.historischeskolleg.de\\\/en\\\/#\\\/schema\\\/person\\\/fdf91b509dd5590cf95a02dfd5ba7199\",\"name\":\"j.retterath\",\"image\":{\"@type\":\"ImageObject\",\"inLanguage\":\"en-US\",\"@id\":\"https:\\\/\\\/secure.gravatar.com\\\/avatar\\\/f7dfa079cbac8f06960ba79bacfcc930c68f83e8a45141b98555ad7ff445b30f?s=96&d=mm&r=g\",\"url\":\"https:\\\/\\\/secure.gravatar.com\\\/avatar\\\/f7dfa079cbac8f06960ba79bacfcc930c68f83e8a45141b98555ad7ff445b30f?s=96&d=mm&r=g\",\"contentUrl\":\"https:\\\/\\\/secure.gravatar.com\\\/avatar\\\/f7dfa079cbac8f06960ba79bacfcc930c68f83e8a45141b98555ad7ff445b30f?s=96&d=mm&r=g\",\"caption\":\"j.retterath\"},\"url\":\"https:\\\/\\\/www.historischeskolleg.de\\\/en\\\/author\\\/j-retterath\\\/\"}]}<\/script>\n<!-- \/ Yoast SEO plugin. -->","yoast_head_json":{"title":"Neue Fellows f\u00fcr das Kollegjahr 2023\/2024 berufen - Historisches Kolleg","robots":{"index":"index","follow":"follow","max-snippet":"max-snippet:-1","max-image-preview":"max-image-preview:large","max-video-preview":"max-video-preview:-1"},"canonical":"https:\/\/www.historischeskolleg.de\/en\/unkategorisiert\/neue-fellows-fuer-das-kollegjahr-2023-2024-berufen\/","og_locale":"en_US","og_type":"article","og_title":"Neue Fellows f\u00fcr das Kollegjahr 2023\/2024 berufen - Historisches Kolleg","og_url":"https:\/\/www.historischeskolleg.de\/en\/unkategorisiert\/neue-fellows-fuer-das-kollegjahr-2023-2024-berufen\/","og_site_name":"Historisches Kolleg","article_published_time":"2022-11-30T14:00:44+00:00","article_modified_time":"2023-08-03T15:50:21+00:00","og_image":[{"width":1522,"height":1261,"url":"https:\/\/www.historischeskolleg.de\/app\/uploads\/2021\/12\/Arbeitszimmer-II.jpg","type":"image\/jpeg"}],"author":"j.retterath","twitter_card":"summary_large_image","twitter_misc":{"Written by":"j.retterath","Est. reading time":"2 minutes"},"schema":{"@context":"https:\/\/schema.org","@graph":[{"@type":"Article","@id":"https:\/\/www.historischeskolleg.de\/en\/unkategorisiert\/neue-fellows-fuer-das-kollegjahr-2023-2024-berufen\/#article","isPartOf":{"@id":"https:\/\/www.historischeskolleg.de\/en\/unkategorisiert\/neue-fellows-fuer-das-kollegjahr-2023-2024-berufen\/"},"author":{"name":"j.retterath","@id":"https:\/\/www.historischeskolleg.de\/en\/#\/schema\/person\/fdf91b509dd5590cf95a02dfd5ba7199"},"headline":"Neue Fellows f\u00fcr das Kollegjahr 2023\/2024 berufen","datePublished":"2022-11-30T14:00:44+00:00","dateModified":"2023-08-03T15:50:21+00:00","mainEntityOfPage":{"@id":"https:\/\/www.historischeskolleg.de\/en\/unkategorisiert\/neue-fellows-fuer-das-kollegjahr-2023-2024-berufen\/"},"wordCount":252,"publisher":{"@id":"https:\/\/www.historischeskolleg.de\/en\/#organization"},"image":{"@id":"https:\/\/www.historischeskolleg.de\/en\/unkategorisiert\/neue-fellows-fuer-das-kollegjahr-2023-2024-berufen\/#primaryimage"},"thumbnailUrl":"https:\/\/www.historischeskolleg.de\/app\/uploads\/2021\/12\/Arbeitszimmer-II.jpg","articleSection":["Unkategorisiert"],"inLanguage":"en-US"},{"@type":"WebPage","@id":"https:\/\/www.historischeskolleg.de\/en\/unkategorisiert\/neue-fellows-fuer-das-kollegjahr-2023-2024-berufen\/","url":"https:\/\/www.historischeskolleg.de\/en\/unkategorisiert\/neue-fellows-fuer-das-kollegjahr-2023-2024-berufen\/","name":"Neue Fellows f\u00fcr das Kollegjahr 2023\/2024 berufen - Historisches Kolleg","isPartOf":{"@id":"https:\/\/www.historischeskolleg.de\/en\/#website"},"primaryImageOfPage":{"@id":"https:\/\/www.historischeskolleg.de\/en\/unkategorisiert\/neue-fellows-fuer-das-kollegjahr-2023-2024-berufen\/#primaryimage"},"image":{"@id":"https:\/\/www.historischeskolleg.de\/en\/unkategorisiert\/neue-fellows-fuer-das-kollegjahr-2023-2024-berufen\/#primaryimage"},"thumbnailUrl":"https:\/\/www.historischeskolleg.de\/app\/uploads\/2021\/12\/Arbeitszimmer-II.jpg","datePublished":"2022-11-30T14:00:44+00:00","dateModified":"2023-08-03T15:50:21+00:00","breadcrumb":{"@id":"https:\/\/www.historischeskolleg.de\/en\/unkategorisiert\/neue-fellows-fuer-das-kollegjahr-2023-2024-berufen\/#breadcrumb"},"inLanguage":"en-US","potentialAction":[{"@type":"ReadAction","target":["https:\/\/www.historischeskolleg.de\/en\/unkategorisiert\/neue-fellows-fuer-das-kollegjahr-2023-2024-berufen\/"]}]},{"@type":"ImageObject","inLanguage":"en-US","@id":"https:\/\/www.historischeskolleg.de\/en\/unkategorisiert\/neue-fellows-fuer-das-kollegjahr-2023-2024-berufen\/#primaryimage","url":"https:\/\/www.historischeskolleg.de\/app\/uploads\/2021\/12\/Arbeitszimmer-II.jpg","contentUrl":"https:\/\/www.historischeskolleg.de\/app\/uploads\/2021\/12\/Arbeitszimmer-II.jpg","width":1522,"height":1261},{"@type":"BreadcrumbList","@id":"https:\/\/www.historischeskolleg.de\/en\/unkategorisiert\/neue-fellows-fuer-das-kollegjahr-2023-2024-berufen\/#breadcrumb","itemListElement":[{"@type":"ListItem","position":1,"name":"Home","item":"https:\/\/www.historischeskolleg.de\/en\/"},{"@type":"ListItem","position":2,"name":"Neue Fellows f\u00fcr das Kollegjahr 2023\/2024 berufen"}]},{"@type":"WebSite","@id":"https:\/\/www.historischeskolleg.de\/en\/#website","url":"https:\/\/www.historischeskolleg.de\/en\/","name":"Historisches Kolleg","description":"Institute for Advanced Study in History","publisher":{"@id":"https:\/\/www.historischeskolleg.de\/en\/#organization"},"potentialAction":[{"@type":"SearchAction","target":{"@type":"EntryPoint","urlTemplate":"https:\/\/www.historischeskolleg.de\/en\/?s={search_term_string}"},"query-input":{"@type":"PropertyValueSpecification","valueRequired":true,"valueName":"search_term_string"}}],"inLanguage":"en-US"},{"@type":"Organization","@id":"https:\/\/www.historischeskolleg.de\/en\/#organization","name":"Historisches Kolleg","url":"https:\/\/www.historischeskolleg.de\/en\/","logo":{"@type":"ImageObject","inLanguage":"en-US","@id":"https:\/\/www.historischeskolleg.de\/en\/#\/schema\/logo\/image\/","url":"https:\/\/www.historischeskolleg.de\/app\/uploads\/2021\/07\/cropped-HK_Logo_quer_blau_mitZusatz_transparent.png","contentUrl":"https:\/\/www.historischeskolleg.de\/app\/uploads\/2021\/07\/cropped-HK_Logo_quer_blau_mitZusatz_transparent.png","width":1300,"height":296,"caption":"Historisches Kolleg"},"image":{"@id":"https:\/\/www.historischeskolleg.de\/en\/#\/schema\/logo\/image\/"}},{"@type":"Person","@id":"https:\/\/www.historischeskolleg.de\/en\/#\/schema\/person\/fdf91b509dd5590cf95a02dfd5ba7199","name":"j.retterath","image":{"@type":"ImageObject","inLanguage":"en-US","@id":"https:\/\/secure.gravatar.com\/avatar\/f7dfa079cbac8f06960ba79bacfcc930c68f83e8a45141b98555ad7ff445b30f?s=96&d=mm&r=g","url":"https:\/\/secure.gravatar.com\/avatar\/f7dfa079cbac8f06960ba79bacfcc930c68f83e8a45141b98555ad7ff445b30f?s=96&d=mm&r=g","contentUrl":"https:\/\/secure.gravatar.com\/avatar\/f7dfa079cbac8f06960ba79bacfcc930c68f83e8a45141b98555ad7ff445b30f?s=96&d=mm&r=g","caption":"j.retterath"},"url":"https:\/\/www.historischeskolleg.de\/en\/author\/j-retterath\/"}]}},"_links":{"self":[{"href":"https:\/\/www.historischeskolleg.de\/en\/wp-json\/wp\/v2\/posts\/9028","targetHints":{"allow":["GET"]}}],"collection":[{"href":"https:\/\/www.historischeskolleg.de\/en\/wp-json\/wp\/v2\/posts"}],"about":[{"href":"https:\/\/www.historischeskolleg.de\/en\/wp-json\/wp\/v2\/types\/post"}],"author":[{"embeddable":true,"href":"https:\/\/www.historischeskolleg.de\/en\/wp-json\/wp\/v2\/users\/3"}],"replies":[{"embeddable":true,"href":"https:\/\/www.historischeskolleg.de\/en\/wp-json\/wp\/v2\/comments?post=9028"}],"version-history":[{"count":7,"href":"https:\/\/www.historischeskolleg.de\/en\/wp-json\/wp\/v2\/posts\/9028\/revisions"}],"predecessor-version":[{"id":9974,"href":"https:\/\/www.historischeskolleg.de\/en\/wp-json\/wp\/v2\/posts\/9028\/revisions\/9974"}],"wp:featuredmedia":[{"embeddable":true,"href":"https:\/\/www.historischeskolleg.de\/en\/wp-json\/wp\/v2\/media\/5828"}],"wp:attachment":[{"href":"https:\/\/www.historischeskolleg.de\/en\/wp-json\/wp\/v2\/media?parent=9028"}],"wp:term":[{"taxonomy":"category","embeddable":true,"href":"https:\/\/www.historischeskolleg.de\/en\/wp-json\/wp\/v2\/categories?post=9028"},{"taxonomy":"post_tag","embeddable":true,"href":"https:\/\/www.historischeskolleg.de\/en\/wp-json\/wp\/v2\/tags?post=9028"}],"curies":[{"name":"wp","href":"https:\/\/api.w.org\/{rel}","templated":true}]}}