{"id":1354,"date":"2007-08-30T12:49:13","date_gmt":"2007-08-30T10:49:13","guid":{"rendered":"https:\/\/historisches-kolleg.staging.dm-intern.de\/?p=1354"},"modified":"2024-02-29T13:15:04","modified_gmt":"2024-02-29T12:15:04","slug":"professor-dr-gerhard-a-ritter","status":"publish","type":"post","link":"https:\/\/www.historischeskolleg.de\/en\/historikerpreis\/professor-dr-gerhard-a-ritter\/","title":{"rendered":"Professor Dr. Gerhard A. Ritter"},"content":{"rendered":"\t\t<div data-elementor-type=\"wp-post\" data-elementor-id=\"1354\" class=\"elementor elementor-1354\" data-elementor-post-type=\"post\">\n\t\t\t\t\t\t<section class=\"elementor-section elementor-top-section elementor-element elementor-element-48a13de5 elementor-section-boxed elementor-section-height-default elementor-section-height-default\" data-id=\"48a13de5\" data-element_type=\"section\" data-e-type=\"section\">\n\t\t\t\t\t\t<div class=\"elementor-container elementor-column-gap-default\">\n\t\t\t\t\t<div class=\"elementor-column elementor-col-100 elementor-top-column elementor-element elementor-element-5d7e3682\" data-id=\"5d7e3682\" data-element_type=\"column\" data-e-type=\"column\">\n\t\t\t<div class=\"elementor-widget-wrap elementor-element-populated\">\n\t\t\t\t\t\t<div class=\"elementor-element elementor-element-192eb41 elementor-widget elementor-widget-text-editor\" data-id=\"192eb41\" data-element_type=\"widget\" data-e-type=\"widget\" data-widget_type=\"text-editor.default\">\n\t\t\t\t<div class=\"elementor-widget-container\">\n\t\t\t\t\t\t\t\t\t<p>(1929\u20132015)<\/p>\t\t\t\t\t\t\t\t<\/div>\n\t\t\t\t<\/div>\n\t\t\t\t<div class=\"elementor-element elementor-element-7e2635c9 elementor-widget elementor-widget-text-editor\" data-id=\"7e2635c9\" data-element_type=\"widget\" data-e-type=\"widget\" data-widget_type=\"text-editor.default\">\n\t\t\t\t<div class=\"elementor-widget-container\">\n\t\t\t\t\t\t\t\t\t<p><\/p>\n<p><\/p>\n<p><strong>Tr\u00e4ger des Preises des Historischen Kollegs 2007<\/strong><\/p>\n<p><\/p>\n<p><\/p>\t\t\t\t\t\t\t\t<\/div>\n\t\t\t\t<\/div>\n\t\t\t\t<div class=\"elementor-element elementor-element-0f39c09 elementor-widget elementor-widget-text-editor\" data-id=\"0f39c09\" data-element_type=\"widget\" data-e-type=\"widget\" data-widget_type=\"text-editor.default\">\n\t\t\t\t<div class=\"elementor-widget-container\">\n\t\t\t\t\t\t\t\t\t<p>Gerhard A. Ritter war Professor f\u00fcr Neuere und Neueste Geschichte an der Ludwig-Maximilians-Universit\u00e4t M\u00fcnchen.<\/p>\t\t\t\t\t\t\t\t<\/div>\n\t\t\t\t<\/div>\n\t\t\t\t<section class=\"elementor-section elementor-inner-section elementor-element elementor-element-ba8d4e9 elementor-section-boxed elementor-section-height-default elementor-section-height-default\" data-id=\"ba8d4e9\" data-element_type=\"section\" data-e-type=\"section\">\n\t\t\t\t\t\t<div class=\"elementor-container elementor-column-gap-default\">\n\t\t\t\t\t<div class=\"elementor-column elementor-col-50 elementor-inner-column elementor-element elementor-element-9dc1b56\" data-id=\"9dc1b56\" data-element_type=\"column\" data-e-type=\"column\">\n\t\t\t<div class=\"elementor-widget-wrap elementor-element-populated\">\n\t\t\t\t\t\t<div class=\"elementor-element elementor-element-c075157 elementor-widget elementor-widget-image\" data-id=\"c075157\" data-element_type=\"widget\" data-e-type=\"widget\" data-widget_type=\"image.default\">\n\t\t\t\t<div class=\"elementor-widget-container\">\n\t\t\t\t\t\t\t\t\t\t\t\t\t\t\t<img decoding=\"async\" width=\"161\" height=\"250\" src=\"https:\/\/www.historischeskolleg.de\/app\/uploads\/2022\/02\/Ritter-Buch.jpg\" class=\"attachment-medium size-medium wp-image-2459\" alt=\"\" \/>\t\t\t\t\t\t\t\t\t\t\t\t\t\t\t<\/div>\n\t\t\t\t<\/div>\n\t\t\t\t\t<\/div>\n\t\t<\/div>\n\t\t\t\t<div class=\"elementor-column elementor-col-50 elementor-inner-column elementor-element elementor-element-3668c2b\" data-id=\"3668c2b\" data-element_type=\"column\" data-e-type=\"column\">\n\t\t\t<div class=\"elementor-widget-wrap elementor-element-populated\">\n\t\t\t\t\t\t<div class=\"elementor-element elementor-element-7417c18 elementor-widget elementor-widget-text-editor\" data-id=\"7417c18\" data-element_type=\"widget\" data-e-type=\"widget\" data-widget_type=\"text-editor.default\">\n\t\t\t\t<div class=\"elementor-widget-container\">\n\t\t\t\t\t\t\t\t\t<p><strong>Ausgezeichnetes Werk<\/strong><\/p>\n<p>Gerhard A. Ritter: Der Preis der deutschen Einheit. Die Deutsche Wiedervereinigung und die Krise des Sozialstaates. M\u00fcnchen 2006, 540\u00a0S., ISBN 978-3-4065-4972-4<\/p>\n<p>englische Ausgabe: <br \/>Gerhard A. Ritter: The Price of German Unity. Reunification and the Crisis of the Welfare State. Oxford\/New York 2011, 481 S., ISBN 978-0-19-955682-3<\/p>\t\t\t\t\t\t\t\t<\/div>\n\t\t\t\t<\/div>\n\t\t\t\t\t<\/div>\n\t\t<\/div>\n\t\t\t\t\t<\/div>\n\t\t<\/section>\n\t\t\t\t<div class=\"elementor-element elementor-element-4942de2 elementor-widget elementor-widget-spacer\" data-id=\"4942de2\" data-element_type=\"widget\" data-e-type=\"widget\" data-widget_type=\"spacer.default\">\n\t\t\t\t<div class=\"elementor-widget-container\">\n\t\t\t\t\t\t\t<div class=\"elementor-spacer\">\n\t\t\t<div class=\"elementor-spacer-inner\"><\/div>\n\t\t<\/div>\n\t\t\t\t\t\t<\/div>\n\t\t\t\t<\/div>\n\t\t\t\t<div class=\"elementor-element elementor-element-52e30a0 elementor-align-justify elementor-widget elementor-widget-button\" data-id=\"52e30a0\" data-element_type=\"widget\" data-e-type=\"widget\" data-widget_type=\"button.default\">\n\t\t\t\t<div class=\"elementor-widget-container\">\n\t\t\t\t\t\t\t\t\t<div class=\"elementor-button-wrapper\">\n\t\t\t\t\t<a class=\"elementor-button elementor-button-link elementor-size-md\" href=\"https:\/\/www.historischeskolleg.de\/mediathek\/publikationen\/dokumentationen-der-verleihung-des-preises-des-historischen-kollegs\/neunte-verleihung-des-preises-des-historischen-kollegs-am-9-november-2007-an-professor-dr-gerhard-a-ritter\/\">\n\t\t\t\t\t\t<span class=\"elementor-button-content-wrapper\">\n\t\t\t\t\t\t<span class=\"elementor-button-icon\">\n\t\t\t\t<i aria-hidden=\"true\" class=\"far fa-file-pdf\"><\/i>\t\t\t<\/span>\n\t\t\t\t\t\t\t\t\t<span class=\"elementor-button-text\">Dokumentation der Preisverleihung<\/span>\n\t\t\t\t\t<\/span>\n\t\t\t\t\t<\/a>\n\t\t\t\t<\/div>\n\t\t\t\t\t\t\t\t<\/div>\n\t\t\t\t<\/div>\n\t\t\t\t\t<\/div>\n\t\t<\/div>\n\t\t\t\t\t<\/div>\n\t\t<\/section>\n\t\t\t\t<\/div>\n\t\t","protected":false},"excerpt":{"rendered":"","protected":false},"author":1,"featured_media":1355,"comment_status":"open","ping_status":"open","sticky":false,"template":"","format":"standard","meta":{"footnotes":""},"categories":[20],"tags":[],"class_list":["post-1354","post","type-post","status-publish","format-standard","has-post-thumbnail","hentry","category-historikerpreis"],"acf":[],"yoast_head":"<!-- This site is optimized with the Yoast SEO plugin v27.3 - https:\/\/yoast.com\/product\/yoast-seo-wordpress\/ -->\n<title>Professor Dr. Gerhard A. Ritter - Historisches Kolleg<\/title>\n<meta name=\"robots\" content=\"index, follow, max-snippet:-1, max-image-preview:large, max-video-preview:-1\" \/>\n<link rel=\"canonical\" href=\"https:\/\/www.historischeskolleg.de\/en\/historikerpreis\/professor-dr-gerhard-a-ritter\/\" \/>\n<meta property=\"og:locale\" content=\"en_US\" \/>\n<meta property=\"og:type\" content=\"article\" \/>\n<meta property=\"og:title\" content=\"Professor Dr. Gerhard A. Ritter - Historisches Kolleg\" \/>\n<meta property=\"og:url\" content=\"https:\/\/www.historischeskolleg.de\/en\/historikerpreis\/professor-dr-gerhard-a-ritter\/\" \/>\n<meta property=\"og:site_name\" content=\"Historisches Kolleg\" \/>\n<meta property=\"article:published_time\" content=\"2007-08-30T10:49:13+00:00\" \/>\n<meta property=\"article:modified_time\" content=\"2024-02-29T12:15:04+00:00\" \/>\n<meta property=\"og:image\" content=\"https:\/\/www.historischeskolleg.de\/app\/uploads\/2021\/08\/csm_ritter_gerhard_95910ddb25.jpeg\" \/>\n\t<meta property=\"og:image:width\" content=\"138\" \/>\n\t<meta property=\"og:image:height\" content=\"176\" \/>\n\t<meta property=\"og:image:type\" content=\"image\/jpeg\" \/>\n<meta name=\"author\" content=\"pzwerger\" \/>\n<meta name=\"twitter:card\" content=\"summary_large_image\" \/>\n<meta name=\"twitter:label1\" content=\"Written by\" \/>\n\t<meta name=\"twitter:data1\" content=\"pzwerger\" \/>\n\t<meta name=\"twitter:label2\" content=\"Est. reading time\" \/>\n\t<meta name=\"twitter:data2\" content=\"1 minute\" \/>\n<script type=\"application\/ld+json\" class=\"yoast-schema-graph\">{\"@context\":\"https:\\\/\\\/schema.org\",\"@graph\":[{\"@type\":\"Article\",\"@id\":\"https:\\\/\\\/www.historischeskolleg.de\\\/en\\\/historikerpreis\\\/professor-dr-gerhard-a-ritter\\\/#article\",\"isPartOf\":{\"@id\":\"https:\\\/\\\/www.historischeskolleg.de\\\/en\\\/historikerpreis\\\/professor-dr-gerhard-a-ritter\\\/\"},\"author\":{\"name\":\"pzwerger\",\"@id\":\"https:\\\/\\\/www.historischeskolleg.de\\\/en\\\/#\\\/schema\\\/person\\\/fb0fe4d2d49587c455e95c1decb7bf9b\"},\"headline\":\"Professor Dr. Gerhard A. Ritter\",\"datePublished\":\"2007-08-30T10:49:13+00:00\",\"dateModified\":\"2024-02-29T12:15:04+00:00\",\"mainEntityOfPage\":{\"@id\":\"https:\\\/\\\/www.historischeskolleg.de\\\/en\\\/historikerpreis\\\/professor-dr-gerhard-a-ritter\\\/\"},\"wordCount\":85,\"commentCount\":3,\"publisher\":{\"@id\":\"https:\\\/\\\/www.historischeskolleg.de\\\/en\\\/#organization\"},\"image\":{\"@id\":\"https:\\\/\\\/www.historischeskolleg.de\\\/en\\\/historikerpreis\\\/professor-dr-gerhard-a-ritter\\\/#primaryimage\"},\"thumbnailUrl\":\"https:\\\/\\\/www.historischeskolleg.de\\\/app\\\/uploads\\\/2021\\\/08\\\/csm_ritter_gerhard_95910ddb25.jpeg\",\"articleSection\":[\"Historikerpreis\"],\"inLanguage\":\"en-US\",\"potentialAction\":[{\"@type\":\"CommentAction\",\"name\":\"Comment\",\"target\":[\"https:\\\/\\\/www.historischeskolleg.de\\\/en\\\/historikerpreis\\\/professor-dr-gerhard-a-ritter\\\/#respond\"]}]},{\"@type\":\"WebPage\",\"@id\":\"https:\\\/\\\/www.historischeskolleg.de\\\/en\\\/historikerpreis\\\/professor-dr-gerhard-a-ritter\\\/\",\"url\":\"https:\\\/\\\/www.historischeskolleg.de\\\/en\\\/historikerpreis\\\/professor-dr-gerhard-a-ritter\\\/\",\"name\":\"Professor Dr. Gerhard A. Ritter - Historisches Kolleg\",\"isPartOf\":{\"@id\":\"https:\\\/\\\/www.historischeskolleg.de\\\/en\\\/#website\"},\"primaryImageOfPage\":{\"@id\":\"https:\\\/\\\/www.historischeskolleg.de\\\/en\\\/historikerpreis\\\/professor-dr-gerhard-a-ritter\\\/#primaryimage\"},\"image\":{\"@id\":\"https:\\\/\\\/www.historischeskolleg.de\\\/en\\\/historikerpreis\\\/professor-dr-gerhard-a-ritter\\\/#primaryimage\"},\"thumbnailUrl\":\"https:\\\/\\\/www.historischeskolleg.de\\\/app\\\/uploads\\\/2021\\\/08\\\/csm_ritter_gerhard_95910ddb25.jpeg\",\"datePublished\":\"2007-08-30T10:49:13+00:00\",\"dateModified\":\"2024-02-29T12:15:04+00:00\",\"breadcrumb\":{\"@id\":\"https:\\\/\\\/www.historischeskolleg.de\\\/en\\\/historikerpreis\\\/professor-dr-gerhard-a-ritter\\\/#breadcrumb\"},\"inLanguage\":\"en-US\",\"potentialAction\":[{\"@type\":\"ReadAction\",\"target\":[\"https:\\\/\\\/www.historischeskolleg.de\\\/en\\\/historikerpreis\\\/professor-dr-gerhard-a-ritter\\\/\"]}]},{\"@type\":\"ImageObject\",\"inLanguage\":\"en-US\",\"@id\":\"https:\\\/\\\/www.historischeskolleg.de\\\/en\\\/historikerpreis\\\/professor-dr-gerhard-a-ritter\\\/#primaryimage\",\"url\":\"https:\\\/\\\/www.historischeskolleg.de\\\/app\\\/uploads\\\/2021\\\/08\\\/csm_ritter_gerhard_95910ddb25.jpeg\",\"contentUrl\":\"https:\\\/\\\/www.historischeskolleg.de\\\/app\\\/uploads\\\/2021\\\/08\\\/csm_ritter_gerhard_95910ddb25.jpeg\",\"width\":138,\"height\":176,\"caption\":\"Professor Dr. Gerhard A. Ritter (Foto: Walter Wolf)\"},{\"@type\":\"BreadcrumbList\",\"@id\":\"https:\\\/\\\/www.historischeskolleg.de\\\/en\\\/historikerpreis\\\/professor-dr-gerhard-a-ritter\\\/#breadcrumb\",\"itemListElement\":[{\"@type\":\"ListItem\",\"position\":1,\"name\":\"Home\",\"item\":\"https:\\\/\\\/www.historischeskolleg.de\\\/en\\\/\"},{\"@type\":\"ListItem\",\"position\":2,\"name\":\"Professor Dr. Gerhard A. Ritter\"}]},{\"@type\":\"WebSite\",\"@id\":\"https:\\\/\\\/www.historischeskolleg.de\\\/en\\\/#website\",\"url\":\"https:\\\/\\\/www.historischeskolleg.de\\\/en\\\/\",\"name\":\"Historisches Kolleg\",\"description\":\"Institute for Advanced Study in History\",\"publisher\":{\"@id\":\"https:\\\/\\\/www.historischeskolleg.de\\\/en\\\/#organization\"},\"potentialAction\":[{\"@type\":\"SearchAction\",\"target\":{\"@type\":\"EntryPoint\",\"urlTemplate\":\"https:\\\/\\\/www.historischeskolleg.de\\\/en\\\/?s={search_term_string}\"},\"query-input\":{\"@type\":\"PropertyValueSpecification\",\"valueRequired\":true,\"valueName\":\"search_term_string\"}}],\"inLanguage\":\"en-US\"},{\"@type\":\"Organization\",\"@id\":\"https:\\\/\\\/www.historischeskolleg.de\\\/en\\\/#organization\",\"name\":\"Historisches Kolleg\",\"url\":\"https:\\\/\\\/www.historischeskolleg.de\\\/en\\\/\",\"logo\":{\"@type\":\"ImageObject\",\"inLanguage\":\"en-US\",\"@id\":\"https:\\\/\\\/www.historischeskolleg.de\\\/en\\\/#\\\/schema\\\/logo\\\/image\\\/\",\"url\":\"https:\\\/\\\/www.historischeskolleg.de\\\/app\\\/uploads\\\/2021\\\/07\\\/cropped-HK_Logo_quer_blau_mitZusatz_transparent.png\",\"contentUrl\":\"https:\\\/\\\/www.historischeskolleg.de\\\/app\\\/uploads\\\/2021\\\/07\\\/cropped-HK_Logo_quer_blau_mitZusatz_transparent.png\",\"width\":1300,\"height\":296,\"caption\":\"Historisches Kolleg\"},\"image\":{\"@id\":\"https:\\\/\\\/www.historischeskolleg.de\\\/en\\\/#\\\/schema\\\/logo\\\/image\\\/\"}},{\"@type\":\"Person\",\"@id\":\"https:\\\/\\\/www.historischeskolleg.de\\\/en\\\/#\\\/schema\\\/person\\\/fb0fe4d2d49587c455e95c1decb7bf9b\",\"name\":\"pzwerger\",\"image\":{\"@type\":\"ImageObject\",\"inLanguage\":\"en-US\",\"@id\":\"https:\\\/\\\/secure.gravatar.com\\\/avatar\\\/4f337c3b99ab66c24e02f3c4ee1891c3a8ed963bc9c98f74a71360393af62b3f?s=96&d=mm&r=g\",\"url\":\"https:\\\/\\\/secure.gravatar.com\\\/avatar\\\/4f337c3b99ab66c24e02f3c4ee1891c3a8ed963bc9c98f74a71360393af62b3f?s=96&d=mm&r=g\",\"contentUrl\":\"https:\\\/\\\/secure.gravatar.com\\\/avatar\\\/4f337c3b99ab66c24e02f3c4ee1891c3a8ed963bc9c98f74a71360393af62b3f?s=96&d=mm&r=g\",\"caption\":\"pzwerger\"},\"url\":\"https:\\\/\\\/www.historischeskolleg.de\\\/en\\\/author\\\/pzwerger\\\/\"}]}<\/script>\n<!-- \/ Yoast SEO plugin. -->","yoast_head_json":{"title":"Professor Dr. Gerhard A. Ritter - Historisches Kolleg","robots":{"index":"index","follow":"follow","max-snippet":"max-snippet:-1","max-image-preview":"max-image-preview:large","max-video-preview":"max-video-preview:-1"},"canonical":"https:\/\/www.historischeskolleg.de\/en\/historikerpreis\/professor-dr-gerhard-a-ritter\/","og_locale":"en_US","og_type":"article","og_title":"Professor Dr. Gerhard A. Ritter - Historisches Kolleg","og_url":"https:\/\/www.historischeskolleg.de\/en\/historikerpreis\/professor-dr-gerhard-a-ritter\/","og_site_name":"Historisches Kolleg","article_published_time":"2007-08-30T10:49:13+00:00","article_modified_time":"2024-02-29T12:15:04+00:00","og_image":[{"width":138,"height":176,"url":"https:\/\/www.historischeskolleg.de\/app\/uploads\/2021\/08\/csm_ritter_gerhard_95910ddb25.jpeg","type":"image\/jpeg"}],"author":"pzwerger","twitter_card":"summary_large_image","twitter_misc":{"Written by":"pzwerger","Est. reading time":"1 minute"},"schema":{"@context":"https:\/\/schema.org","@graph":[{"@type":"Article","@id":"https:\/\/www.historischeskolleg.de\/en\/historikerpreis\/professor-dr-gerhard-a-ritter\/#article","isPartOf":{"@id":"https:\/\/www.historischeskolleg.de\/en\/historikerpreis\/professor-dr-gerhard-a-ritter\/"},"author":{"name":"pzwerger","@id":"https:\/\/www.historischeskolleg.de\/en\/#\/schema\/person\/fb0fe4d2d49587c455e95c1decb7bf9b"},"headline":"Professor Dr. Gerhard A. Ritter","datePublished":"2007-08-30T10:49:13+00:00","dateModified":"2024-02-29T12:15:04+00:00","mainEntityOfPage":{"@id":"https:\/\/www.historischeskolleg.de\/en\/historikerpreis\/professor-dr-gerhard-a-ritter\/"},"wordCount":85,"commentCount":3,"publisher":{"@id":"https:\/\/www.historischeskolleg.de\/en\/#organization"},"image":{"@id":"https:\/\/www.historischeskolleg.de\/en\/historikerpreis\/professor-dr-gerhard-a-ritter\/#primaryimage"},"thumbnailUrl":"https:\/\/www.historischeskolleg.de\/app\/uploads\/2021\/08\/csm_ritter_gerhard_95910ddb25.jpeg","articleSection":["Historikerpreis"],"inLanguage":"en-US","potentialAction":[{"@type":"CommentAction","name":"Comment","target":["https:\/\/www.historischeskolleg.de\/en\/historikerpreis\/professor-dr-gerhard-a-ritter\/#respond"]}]},{"@type":"WebPage","@id":"https:\/\/www.historischeskolleg.de\/en\/historikerpreis\/professor-dr-gerhard-a-ritter\/","url":"https:\/\/www.historischeskolleg.de\/en\/historikerpreis\/professor-dr-gerhard-a-ritter\/","name":"Professor Dr. Gerhard A. Ritter - Historisches Kolleg","isPartOf":{"@id":"https:\/\/www.historischeskolleg.de\/en\/#website"},"primaryImageOfPage":{"@id":"https:\/\/www.historischeskolleg.de\/en\/historikerpreis\/professor-dr-gerhard-a-ritter\/#primaryimage"},"image":{"@id":"https:\/\/www.historischeskolleg.de\/en\/historikerpreis\/professor-dr-gerhard-a-ritter\/#primaryimage"},"thumbnailUrl":"https:\/\/www.historischeskolleg.de\/app\/uploads\/2021\/08\/csm_ritter_gerhard_95910ddb25.jpeg","datePublished":"2007-08-30T10:49:13+00:00","dateModified":"2024-02-29T12:15:04+00:00","breadcrumb":{"@id":"https:\/\/www.historischeskolleg.de\/en\/historikerpreis\/professor-dr-gerhard-a-ritter\/#breadcrumb"},"inLanguage":"en-US","potentialAction":[{"@type":"ReadAction","target":["https:\/\/www.historischeskolleg.de\/en\/historikerpreis\/professor-dr-gerhard-a-ritter\/"]}]},{"@type":"ImageObject","inLanguage":"en-US","@id":"https:\/\/www.historischeskolleg.de\/en\/historikerpreis\/professor-dr-gerhard-a-ritter\/#primaryimage","url":"https:\/\/www.historischeskolleg.de\/app\/uploads\/2021\/08\/csm_ritter_gerhard_95910ddb25.jpeg","contentUrl":"https:\/\/www.historischeskolleg.de\/app\/uploads\/2021\/08\/csm_ritter_gerhard_95910ddb25.jpeg","width":138,"height":176,"caption":"Professor Dr. Gerhard A. Ritter (Foto: Walter Wolf)"},{"@type":"BreadcrumbList","@id":"https:\/\/www.historischeskolleg.de\/en\/historikerpreis\/professor-dr-gerhard-a-ritter\/#breadcrumb","itemListElement":[{"@type":"ListItem","position":1,"name":"Home","item":"https:\/\/www.historischeskolleg.de\/en\/"},{"@type":"ListItem","position":2,"name":"Professor Dr. Gerhard A. Ritter"}]},{"@type":"WebSite","@id":"https:\/\/www.historischeskolleg.de\/en\/#website","url":"https:\/\/www.historischeskolleg.de\/en\/","name":"Historisches Kolleg","description":"Institute for Advanced Study in History","publisher":{"@id":"https:\/\/www.historischeskolleg.de\/en\/#organization"},"potentialAction":[{"@type":"SearchAction","target":{"@type":"EntryPoint","urlTemplate":"https:\/\/www.historischeskolleg.de\/en\/?s={search_term_string}"},"query-input":{"@type":"PropertyValueSpecification","valueRequired":true,"valueName":"search_term_string"}}],"inLanguage":"en-US"},{"@type":"Organization","@id":"https:\/\/www.historischeskolleg.de\/en\/#organization","name":"Historisches Kolleg","url":"https:\/\/www.historischeskolleg.de\/en\/","logo":{"@type":"ImageObject","inLanguage":"en-US","@id":"https:\/\/www.historischeskolleg.de\/en\/#\/schema\/logo\/image\/","url":"https:\/\/www.historischeskolleg.de\/app\/uploads\/2021\/07\/cropped-HK_Logo_quer_blau_mitZusatz_transparent.png","contentUrl":"https:\/\/www.historischeskolleg.de\/app\/uploads\/2021\/07\/cropped-HK_Logo_quer_blau_mitZusatz_transparent.png","width":1300,"height":296,"caption":"Historisches Kolleg"},"image":{"@id":"https:\/\/www.historischeskolleg.de\/en\/#\/schema\/logo\/image\/"}},{"@type":"Person","@id":"https:\/\/www.historischeskolleg.de\/en\/#\/schema\/person\/fb0fe4d2d49587c455e95c1decb7bf9b","name":"pzwerger","image":{"@type":"ImageObject","inLanguage":"en-US","@id":"https:\/\/secure.gravatar.com\/avatar\/4f337c3b99ab66c24e02f3c4ee1891c3a8ed963bc9c98f74a71360393af62b3f?s=96&d=mm&r=g","url":"https:\/\/secure.gravatar.com\/avatar\/4f337c3b99ab66c24e02f3c4ee1891c3a8ed963bc9c98f74a71360393af62b3f?s=96&d=mm&r=g","contentUrl":"https:\/\/secure.gravatar.com\/avatar\/4f337c3b99ab66c24e02f3c4ee1891c3a8ed963bc9c98f74a71360393af62b3f?s=96&d=mm&r=g","caption":"pzwerger"},"url":"https:\/\/www.historischeskolleg.de\/en\/author\/pzwerger\/"}]}},"_links":{"self":[{"href":"https:\/\/www.historischeskolleg.de\/en\/wp-json\/wp\/v2\/posts\/1354","targetHints":{"allow":["GET"]}}],"collection":[{"href":"https:\/\/www.historischeskolleg.de\/en\/wp-json\/wp\/v2\/posts"}],"about":[{"href":"https:\/\/www.historischeskolleg.de\/en\/wp-json\/wp\/v2\/types\/post"}],"author":[{"embeddable":true,"href":"https:\/\/www.historischeskolleg.de\/en\/wp-json\/wp\/v2\/users\/1"}],"replies":[{"embeddable":true,"href":"https:\/\/www.historischeskolleg.de\/en\/wp-json\/wp\/v2\/comments?post=1354"}],"version-history":[{"count":48,"href":"https:\/\/www.historischeskolleg.de\/en\/wp-json\/wp\/v2\/posts\/1354\/revisions"}],"predecessor-version":[{"id":8992,"href":"https:\/\/www.historischeskolleg.de\/en\/wp-json\/wp\/v2\/posts\/1354\/revisions\/8992"}],"wp:featuredmedia":[{"embeddable":true,"href":"https:\/\/www.historischeskolleg.de\/en\/wp-json\/wp\/v2\/media\/1355"}],"wp:attachment":[{"href":"https:\/\/www.historischeskolleg.de\/en\/wp-json\/wp\/v2\/media?parent=1354"}],"wp:term":[{"taxonomy":"category","embeddable":true,"href":"https:\/\/www.historischeskolleg.de\/en\/wp-json\/wp\/v2\/categories?post=1354"},{"taxonomy":"post_tag","embeddable":true,"href":"https:\/\/www.historischeskolleg.de\/en\/wp-json\/wp\/v2\/tags?post=1354"}],"curies":[{"name":"wp","href":"https:\/\/api.w.org\/{rel}","templated":true}]}}