{"id":13149,"date":"2026-01-22T08:57:18","date_gmt":"2026-01-22T07:57:18","guid":{"rendered":"https:\/\/www.historischeskolleg.de\/?p=13149"},"modified":"2026-01-22T11:24:54","modified_gmt":"2026-01-22T10:24:54","slug":"das-historisches-kolleg-trauert-um-johannes-fried-1942-2026","status":"publish","type":"post","link":"https:\/\/www.historischeskolleg.de\/en\/unkategorisiert\/das-historisches-kolleg-trauert-um-johannes-fried-1942-2026\/","title":{"rendered":"Das Historische Kolleg trauert um Johannes Fried (1942\u20132026)"},"content":{"rendered":"\t\t<div data-elementor-type=\"wp-post\" data-elementor-id=\"13149\" class=\"elementor elementor-13149\" data-elementor-post-type=\"post\">\n\t\t\t\t\t\t<section class=\"elementor-section elementor-top-section elementor-element elementor-element-2167ed0 elementor-section-boxed elementor-section-height-default elementor-section-height-default\" data-id=\"2167ed0\" data-element_type=\"section\" data-e-type=\"section\">\n\t\t\t\t\t\t<div class=\"elementor-container elementor-column-gap-default\">\n\t\t\t\t\t<div class=\"elementor-column elementor-col-100 elementor-top-column elementor-element elementor-element-f0af977\" data-id=\"f0af977\" data-element_type=\"column\" data-e-type=\"column\">\n\t\t\t<div class=\"elementor-widget-wrap elementor-element-populated\">\n\t\t\t\t\t\t<div class=\"elementor-element elementor-element-043c189 elementor-widget elementor-widget-heading\" data-id=\"043c189\" data-element_type=\"widget\" data-e-type=\"widget\" data-widget_type=\"heading.default\">\n\t\t\t\t<div class=\"elementor-widget-container\">\n\t\t\t\t\t<h1 class=\"elementor-heading-title elementor-size-default\">Das Historische Kolleg trauert um Johannes Fried <br>(1942-2026)<\/h1>\t\t\t\t<\/div>\n\t\t\t\t<\/div>\n\t\t\t\t<div class=\"elementor-element elementor-element-0841ff5 elementor-widget-divider--view-line elementor-widget elementor-widget-divider\" data-id=\"0841ff5\" data-element_type=\"widget\" data-e-type=\"widget\" data-widget_type=\"divider.default\">\n\t\t\t\t<div class=\"elementor-widget-container\">\n\t\t\t\t\t\t\t<div class=\"elementor-divider\">\n\t\t\t<span class=\"elementor-divider-separator\">\n\t\t\t\t\t\t<\/span>\n\t\t<\/div>\n\t\t\t\t\t\t<\/div>\n\t\t\t\t<\/div>\n\t\t\t\t<div class=\"elementor-element elementor-element-57a2ba2 elementor-align-center elementor-widget elementor-widget-post-info\" data-id=\"57a2ba2\" data-element_type=\"widget\" data-e-type=\"widget\" data-widget_type=\"post-info.default\">\n\t\t\t\t<div class=\"elementor-widget-container\">\n\t\t\t\t\t\t\t<ul class=\"elementor-inline-items elementor-icon-list-items elementor-post-info\">\n\t\t\t\t\t\t\t\t<li class=\"elementor-icon-list-item elementor-repeater-item-0fbf284 elementor-inline-item\">\n\t\t\t\t\t\t\t\t\t\t<span class=\"elementor-icon-list-icon\">\n\t\t\t\t\t\t\t\t<i aria-hidden=\"true\" class=\"far fa-user\"><\/i>\t\t\t\t\t\t\t<\/span>\n\t\t\t\t\t\t\t\t\t<span class=\"elementor-icon-list-text elementor-post-info__item elementor-post-info__item--type-custom\">\n\t\t\t\t\t\t\t\t\t\tHistorisches Kolleg\t\t\t\t\t<\/span>\n\t\t\t\t\t\t\t\t<\/li>\n\t\t\t\t<li class=\"elementor-icon-list-item elementor-repeater-item-3c137b9 elementor-inline-item\" itemprop=\"datePublished\">\n\t\t\t\t\t\t\t\t\t\t<span class=\"elementor-icon-list-icon\">\n\t\t\t\t\t\t\t\t<i aria-hidden=\"true\" class=\"far fa-calendar-alt\"><\/i>\t\t\t\t\t\t\t<\/span>\n\t\t\t\t\t\t\t\t\t<span class=\"elementor-icon-list-text elementor-post-info__item elementor-post-info__item--type-date\">\n\t\t\t\t\t\t\t\t\t\t<time>22.01.2026<\/time>\t\t\t\t\t<\/span>\n\t\t\t\t\t\t\t\t<\/li>\n\t\t\t\t<\/ul>\n\t\t\t\t\t\t<\/div>\n\t\t\t\t<\/div>\n\t\t\t\t<div class=\"elementor-element elementor-element-914ffff elementor-widget-divider--view-line elementor-widget elementor-widget-divider\" data-id=\"914ffff\" data-element_type=\"widget\" data-e-type=\"widget\" data-widget_type=\"divider.default\">\n\t\t\t\t<div class=\"elementor-widget-container\">\n\t\t\t\t\t\t\t<div class=\"elementor-divider\">\n\t\t\t<span class=\"elementor-divider-separator\">\n\t\t\t\t\t\t<\/span>\n\t\t<\/div>\n\t\t\t\t\t\t<\/div>\n\t\t\t\t<\/div>\n\t\t\t\t\t<\/div>\n\t\t<\/div>\n\t\t\t\t\t<\/div>\n\t\t<\/section>\n\t\t\t\t<section class=\"elementor-section elementor-top-section elementor-element elementor-element-23f19bf elementor-section-boxed elementor-section-height-default elementor-section-height-default\" data-id=\"23f19bf\" data-element_type=\"section\" data-e-type=\"section\">\n\t\t\t\t\t\t<div class=\"elementor-container elementor-column-gap-default\">\n\t\t\t\t\t<div class=\"elementor-column elementor-col-66 elementor-top-column elementor-element elementor-element-faaa271\" data-id=\"faaa271\" data-element_type=\"column\" data-e-type=\"column\">\n\t\t\t<div class=\"elementor-widget-wrap elementor-element-populated\">\n\t\t\t\t\t\t<div class=\"elementor-element elementor-element-6d0731e elementor-widget__width-initial elementor-widget elementor-widget-text-editor\" data-id=\"6d0731e\" data-element_type=\"widget\" data-e-type=\"widget\" data-widget_type=\"text-editor.default\">\n\t\t\t\t<div class=\"elementor-widget-container\">\n\t\t\t\t\t\t\t\t\t<p>Professor Dr. Johannes Fried ist am 18. Januar 2026 in Heidelberg verstorben.<\/p><p><strong>Johannes Fried<\/strong> wurde in Heidelberg 1970 promoviert, 1977 erfolgte die Habilitation, ebenfalls in Heidelberg. Von 1980 bis 1982 war Fried Professor f\u00fcr mittelalterliche Geschichte an der Universit\u00e4t zu K\u00f6ln, 1983 wechselte er an die Universit\u00e4t Frankfurt, wo er bis zu seiner Emeritierung 2009 lehrte. Seine zahlreichen Ver\u00f6ffentlichungen wurden sowohl in der Fachwissenschaft als auch in der \u00d6ffentlichkeit breit wahrgenommen und kontrovers diskutiert.<\/p><p>Dem Historischen Kolleg war Johannes Fried eng verbunden. Im Kollegjahr 1990\/1991 beendete er als Forschungsstipendiat das Manuskript des ersten Bandes der Propyl\u00e4en Geschichte Deutschlands \u201eDer Weg in die Geschichte. Die Urspr\u00fcnge Deutschlands bis 1024\u201c. F\u00fcr dieses Werk wurde er 1995 mit dem Preis des Historischen Kollegs ausgezeichnet. Zehn Jahre lang, von 2001 bis 2011, war Johannes Fried zudem Mitglied im Kuratorium des Historischen Kollegs.<\/p><p>Das Historische Kolleg trauert um Johannes Fried und wird ihm ein ehrendes Andenken bewahren.<\/p>\t\t\t\t\t\t\t\t<\/div>\n\t\t\t\t<\/div>\n\t\t\t\t\t<\/div>\n\t\t<\/div>\n\t\t\t\t<div class=\"elementor-column elementor-col-33 elementor-top-column elementor-element elementor-element-d4cbaf6\" data-id=\"d4cbaf6\" data-element_type=\"column\" data-e-type=\"column\">\n\t\t\t<div class=\"elementor-widget-wrap elementor-element-populated\">\n\t\t\t\t\t\t<div class=\"elementor-element elementor-element-704e058 elementor-widget elementor-widget-image\" data-id=\"704e058\" data-element_type=\"widget\" data-e-type=\"widget\" data-widget_type=\"image.default\">\n\t\t\t\t<div class=\"elementor-widget-container\">\n\t\t\t\t\t\t\t\t\t\t\t\t<figure class=\"wp-caption\">\n\t\t\t\t\t\t\t\t\t\t<img fetchpriority=\"high\" decoding=\"async\" width=\"203\" height=\"257\" src=\"https:\/\/www.historischeskolleg.de\/app\/uploads\/2026\/01\/fried_johannes.jpg\" class=\"attachment-medium size-medium wp-image-13151\" alt=\"\" \/>\t\t\t\t\t\t\t\t\t\t\t<figcaption class=\"widget-image-caption wp-caption-text\">Johannes Fried (1942-2026)<\/figcaption>\n\t\t\t\t\t\t\t\t\t\t<\/figure>\n\t\t\t\t\t\t\t\t\t<\/div>\n\t\t\t\t<\/div>\n\t\t\t\t\t<\/div>\n\t\t<\/div>\n\t\t\t\t\t<\/div>\n\t\t<\/section>\n\t\t\t\t<\/div>\n\t\t","protected":false},"excerpt":{"rendered":"","protected":false},"author":12,"featured_media":5838,"comment_status":"closed","ping_status":"closed","sticky":false,"template":"","format":"standard","meta":{"footnotes":""},"categories":[214,1],"tags":[],"class_list":["post-13149","post","type-post","status-publish","format-standard","has-post-thumbnail","hentry","category-nachruf","category-unkategorisiert"],"acf":[],"yoast_head":"<!-- This site is optimized with the Yoast SEO plugin v27.3 - https:\/\/yoast.com\/product\/yoast-seo-wordpress\/ -->\n<title>Das Historische Kolleg trauert um Johannes Fried (1942\u20132026) - Historisches Kolleg<\/title>\n<meta name=\"robots\" content=\"index, follow, max-snippet:-1, max-image-preview:large, max-video-preview:-1\" \/>\n<link rel=\"canonical\" href=\"https:\/\/www.historischeskolleg.de\/en\/unkategorisiert\/das-historisches-kolleg-trauert-um-johannes-fried-1942-2026\/\" \/>\n<meta property=\"og:locale\" content=\"en_US\" \/>\n<meta property=\"og:type\" content=\"article\" \/>\n<meta property=\"og:title\" content=\"Das Historische Kolleg trauert um Johannes Fried (1942\u20132026) - Historisches Kolleg\" \/>\n<meta property=\"og:url\" content=\"https:\/\/www.historischeskolleg.de\/en\/unkategorisiert\/das-historisches-kolleg-trauert-um-johannes-fried-1942-2026\/\" \/>\n<meta property=\"og:site_name\" content=\"Historisches Kolleg\" \/>\n<meta property=\"article:published_time\" content=\"2026-01-22T07:57:18+00:00\" \/>\n<meta property=\"article:modified_time\" content=\"2026-01-22T10:24:54+00:00\" \/>\n<meta property=\"og:image\" content=\"https:\/\/www.historischeskolleg.de\/app\/uploads\/2021\/11\/Gartenansicht-Winter.jpg\" \/>\n\t<meta property=\"og:image:width\" content=\"1523\" \/>\n\t<meta property=\"og:image:height\" content=\"1263\" \/>\n\t<meta property=\"og:image:type\" content=\"image\/jpeg\" \/>\n<meta name=\"author\" content=\"Franziska Nicolay-Fischbach\" \/>\n<meta name=\"twitter:card\" content=\"summary_large_image\" \/>\n<meta name=\"twitter:label1\" content=\"Written by\" \/>\n\t<meta name=\"twitter:data1\" content=\"Franziska Nicolay-Fischbach\" \/>\n\t<meta name=\"twitter:label2\" content=\"Est. reading time\" \/>\n\t<meta name=\"twitter:data2\" content=\"2 minutes\" \/>\n<script type=\"application\/ld+json\" class=\"yoast-schema-graph\">{\"@context\":\"https:\\\/\\\/schema.org\",\"@graph\":[{\"@type\":\"Article\",\"@id\":\"https:\\\/\\\/www.historischeskolleg.de\\\/en\\\/unkategorisiert\\\/das-historisches-kolleg-trauert-um-johannes-fried-1942-2026\\\/#article\",\"isPartOf\":{\"@id\":\"https:\\\/\\\/www.historischeskolleg.de\\\/en\\\/unkategorisiert\\\/das-historisches-kolleg-trauert-um-johannes-fried-1942-2026\\\/\"},\"author\":{\"name\":\"Franziska Nicolay-Fischbach\",\"@id\":\"https:\\\/\\\/www.historischeskolleg.de\\\/en\\\/#\\\/schema\\\/person\\\/835c250bdd6f8ae1f2c9cec7a4814787\"},\"headline\":\"Das Historische Kolleg trauert um Johannes Fried (1942\u20132026)\",\"datePublished\":\"2026-01-22T07:57:18+00:00\",\"dateModified\":\"2026-01-22T10:24:54+00:00\",\"mainEntityOfPage\":{\"@id\":\"https:\\\/\\\/www.historischeskolleg.de\\\/en\\\/unkategorisiert\\\/das-historisches-kolleg-trauert-um-johannes-fried-1942-2026\\\/\"},\"wordCount\":165,\"publisher\":{\"@id\":\"https:\\\/\\\/www.historischeskolleg.de\\\/en\\\/#organization\"},\"image\":{\"@id\":\"https:\\\/\\\/www.historischeskolleg.de\\\/en\\\/unkategorisiert\\\/das-historisches-kolleg-trauert-um-johannes-fried-1942-2026\\\/#primaryimage\"},\"thumbnailUrl\":\"https:\\\/\\\/www.historischeskolleg.de\\\/app\\\/uploads\\\/2021\\\/11\\\/Gartenansicht-Winter.jpg\",\"articleSection\":[\"Nachruf\",\"Unkategorisiert\"],\"inLanguage\":\"en-US\"},{\"@type\":\"WebPage\",\"@id\":\"https:\\\/\\\/www.historischeskolleg.de\\\/en\\\/unkategorisiert\\\/das-historisches-kolleg-trauert-um-johannes-fried-1942-2026\\\/\",\"url\":\"https:\\\/\\\/www.historischeskolleg.de\\\/en\\\/unkategorisiert\\\/das-historisches-kolleg-trauert-um-johannes-fried-1942-2026\\\/\",\"name\":\"Das Historische Kolleg trauert um Johannes Fried (1942\u20132026) - Historisches Kolleg\",\"isPartOf\":{\"@id\":\"https:\\\/\\\/www.historischeskolleg.de\\\/en\\\/#website\"},\"primaryImageOfPage\":{\"@id\":\"https:\\\/\\\/www.historischeskolleg.de\\\/en\\\/unkategorisiert\\\/das-historisches-kolleg-trauert-um-johannes-fried-1942-2026\\\/#primaryimage\"},\"image\":{\"@id\":\"https:\\\/\\\/www.historischeskolleg.de\\\/en\\\/unkategorisiert\\\/das-historisches-kolleg-trauert-um-johannes-fried-1942-2026\\\/#primaryimage\"},\"thumbnailUrl\":\"https:\\\/\\\/www.historischeskolleg.de\\\/app\\\/uploads\\\/2021\\\/11\\\/Gartenansicht-Winter.jpg\",\"datePublished\":\"2026-01-22T07:57:18+00:00\",\"dateModified\":\"2026-01-22T10:24:54+00:00\",\"breadcrumb\":{\"@id\":\"https:\\\/\\\/www.historischeskolleg.de\\\/en\\\/unkategorisiert\\\/das-historisches-kolleg-trauert-um-johannes-fried-1942-2026\\\/#breadcrumb\"},\"inLanguage\":\"en-US\",\"potentialAction\":[{\"@type\":\"ReadAction\",\"target\":[\"https:\\\/\\\/www.historischeskolleg.de\\\/en\\\/unkategorisiert\\\/das-historisches-kolleg-trauert-um-johannes-fried-1942-2026\\\/\"]}]},{\"@type\":\"ImageObject\",\"inLanguage\":\"en-US\",\"@id\":\"https:\\\/\\\/www.historischeskolleg.de\\\/en\\\/unkategorisiert\\\/das-historisches-kolleg-trauert-um-johannes-fried-1942-2026\\\/#primaryimage\",\"url\":\"https:\\\/\\\/www.historischeskolleg.de\\\/app\\\/uploads\\\/2021\\\/11\\\/Gartenansicht-Winter.jpg\",\"contentUrl\":\"https:\\\/\\\/www.historischeskolleg.de\\\/app\\\/uploads\\\/2021\\\/11\\\/Gartenansicht-Winter.jpg\",\"width\":1523,\"height\":1263},{\"@type\":\"BreadcrumbList\",\"@id\":\"https:\\\/\\\/www.historischeskolleg.de\\\/en\\\/unkategorisiert\\\/das-historisches-kolleg-trauert-um-johannes-fried-1942-2026\\\/#breadcrumb\",\"itemListElement\":[{\"@type\":\"ListItem\",\"position\":1,\"name\":\"Home\",\"item\":\"https:\\\/\\\/www.historischeskolleg.de\\\/en\\\/\"},{\"@type\":\"ListItem\",\"position\":2,\"name\":\"Das Historische Kolleg trauert um Johannes Fried (1942\u20132026)\"}]},{\"@type\":\"WebSite\",\"@id\":\"https:\\\/\\\/www.historischeskolleg.de\\\/en\\\/#website\",\"url\":\"https:\\\/\\\/www.historischeskolleg.de\\\/en\\\/\",\"name\":\"Historisches Kolleg\",\"description\":\"Institute for Advanced Study in History\",\"publisher\":{\"@id\":\"https:\\\/\\\/www.historischeskolleg.de\\\/en\\\/#organization\"},\"potentialAction\":[{\"@type\":\"SearchAction\",\"target\":{\"@type\":\"EntryPoint\",\"urlTemplate\":\"https:\\\/\\\/www.historischeskolleg.de\\\/en\\\/?s={search_term_string}\"},\"query-input\":{\"@type\":\"PropertyValueSpecification\",\"valueRequired\":true,\"valueName\":\"search_term_string\"}}],\"inLanguage\":\"en-US\"},{\"@type\":\"Organization\",\"@id\":\"https:\\\/\\\/www.historischeskolleg.de\\\/en\\\/#organization\",\"name\":\"Historisches Kolleg\",\"url\":\"https:\\\/\\\/www.historischeskolleg.de\\\/en\\\/\",\"logo\":{\"@type\":\"ImageObject\",\"inLanguage\":\"en-US\",\"@id\":\"https:\\\/\\\/www.historischeskolleg.de\\\/en\\\/#\\\/schema\\\/logo\\\/image\\\/\",\"url\":\"https:\\\/\\\/www.historischeskolleg.de\\\/app\\\/uploads\\\/2021\\\/07\\\/cropped-HK_Logo_quer_blau_mitZusatz_transparent.png\",\"contentUrl\":\"https:\\\/\\\/www.historischeskolleg.de\\\/app\\\/uploads\\\/2021\\\/07\\\/cropped-HK_Logo_quer_blau_mitZusatz_transparent.png\",\"width\":1300,\"height\":296,\"caption\":\"Historisches Kolleg\"},\"image\":{\"@id\":\"https:\\\/\\\/www.historischeskolleg.de\\\/en\\\/#\\\/schema\\\/logo\\\/image\\\/\"}},{\"@type\":\"Person\",\"@id\":\"https:\\\/\\\/www.historischeskolleg.de\\\/en\\\/#\\\/schema\\\/person\\\/835c250bdd6f8ae1f2c9cec7a4814787\",\"name\":\"Franziska Nicolay-Fischbach\",\"image\":{\"@type\":\"ImageObject\",\"inLanguage\":\"en-US\",\"@id\":\"https:\\\/\\\/secure.gravatar.com\\\/avatar\\\/4b4d62eac528442ab55d774cbf864a95737752ed746cc8626ada4a4926f0d2d3?s=96&d=mm&r=g\",\"url\":\"https:\\\/\\\/secure.gravatar.com\\\/avatar\\\/4b4d62eac528442ab55d774cbf864a95737752ed746cc8626ada4a4926f0d2d3?s=96&d=mm&r=g\",\"contentUrl\":\"https:\\\/\\\/secure.gravatar.com\\\/avatar\\\/4b4d62eac528442ab55d774cbf864a95737752ed746cc8626ada4a4926f0d2d3?s=96&d=mm&r=g\",\"caption\":\"Franziska Nicolay-Fischbach\"},\"url\":\"https:\\\/\\\/www.historischeskolleg.de\\\/en\\\/author\\\/nicolay-fischbach\\\/\"}]}<\/script>\n<!-- \/ Yoast SEO plugin. -->","yoast_head_json":{"title":"Das Historische Kolleg trauert um Johannes Fried (1942\u20132026) - Historisches Kolleg","robots":{"index":"index","follow":"follow","max-snippet":"max-snippet:-1","max-image-preview":"max-image-preview:large","max-video-preview":"max-video-preview:-1"},"canonical":"https:\/\/www.historischeskolleg.de\/en\/unkategorisiert\/das-historisches-kolleg-trauert-um-johannes-fried-1942-2026\/","og_locale":"en_US","og_type":"article","og_title":"Das Historische Kolleg trauert um Johannes Fried (1942\u20132026) - Historisches Kolleg","og_url":"https:\/\/www.historischeskolleg.de\/en\/unkategorisiert\/das-historisches-kolleg-trauert-um-johannes-fried-1942-2026\/","og_site_name":"Historisches Kolleg","article_published_time":"2026-01-22T07:57:18+00:00","article_modified_time":"2026-01-22T10:24:54+00:00","og_image":[{"width":1523,"height":1263,"url":"https:\/\/www.historischeskolleg.de\/app\/uploads\/2021\/11\/Gartenansicht-Winter.jpg","type":"image\/jpeg"}],"author":"Franziska Nicolay-Fischbach","twitter_card":"summary_large_image","twitter_misc":{"Written by":"Franziska Nicolay-Fischbach","Est. reading time":"2 minutes"},"schema":{"@context":"https:\/\/schema.org","@graph":[{"@type":"Article","@id":"https:\/\/www.historischeskolleg.de\/en\/unkategorisiert\/das-historisches-kolleg-trauert-um-johannes-fried-1942-2026\/#article","isPartOf":{"@id":"https:\/\/www.historischeskolleg.de\/en\/unkategorisiert\/das-historisches-kolleg-trauert-um-johannes-fried-1942-2026\/"},"author":{"name":"Franziska Nicolay-Fischbach","@id":"https:\/\/www.historischeskolleg.de\/en\/#\/schema\/person\/835c250bdd6f8ae1f2c9cec7a4814787"},"headline":"Das Historische Kolleg trauert um Johannes Fried (1942\u20132026)","datePublished":"2026-01-22T07:57:18+00:00","dateModified":"2026-01-22T10:24:54+00:00","mainEntityOfPage":{"@id":"https:\/\/www.historischeskolleg.de\/en\/unkategorisiert\/das-historisches-kolleg-trauert-um-johannes-fried-1942-2026\/"},"wordCount":165,"publisher":{"@id":"https:\/\/www.historischeskolleg.de\/en\/#organization"},"image":{"@id":"https:\/\/www.historischeskolleg.de\/en\/unkategorisiert\/das-historisches-kolleg-trauert-um-johannes-fried-1942-2026\/#primaryimage"},"thumbnailUrl":"https:\/\/www.historischeskolleg.de\/app\/uploads\/2021\/11\/Gartenansicht-Winter.jpg","articleSection":["Nachruf","Unkategorisiert"],"inLanguage":"en-US"},{"@type":"WebPage","@id":"https:\/\/www.historischeskolleg.de\/en\/unkategorisiert\/das-historisches-kolleg-trauert-um-johannes-fried-1942-2026\/","url":"https:\/\/www.historischeskolleg.de\/en\/unkategorisiert\/das-historisches-kolleg-trauert-um-johannes-fried-1942-2026\/","name":"Das Historische Kolleg trauert um Johannes Fried (1942\u20132026) - Historisches Kolleg","isPartOf":{"@id":"https:\/\/www.historischeskolleg.de\/en\/#website"},"primaryImageOfPage":{"@id":"https:\/\/www.historischeskolleg.de\/en\/unkategorisiert\/das-historisches-kolleg-trauert-um-johannes-fried-1942-2026\/#primaryimage"},"image":{"@id":"https:\/\/www.historischeskolleg.de\/en\/unkategorisiert\/das-historisches-kolleg-trauert-um-johannes-fried-1942-2026\/#primaryimage"},"thumbnailUrl":"https:\/\/www.historischeskolleg.de\/app\/uploads\/2021\/11\/Gartenansicht-Winter.jpg","datePublished":"2026-01-22T07:57:18+00:00","dateModified":"2026-01-22T10:24:54+00:00","breadcrumb":{"@id":"https:\/\/www.historischeskolleg.de\/en\/unkategorisiert\/das-historisches-kolleg-trauert-um-johannes-fried-1942-2026\/#breadcrumb"},"inLanguage":"en-US","potentialAction":[{"@type":"ReadAction","target":["https:\/\/www.historischeskolleg.de\/en\/unkategorisiert\/das-historisches-kolleg-trauert-um-johannes-fried-1942-2026\/"]}]},{"@type":"ImageObject","inLanguage":"en-US","@id":"https:\/\/www.historischeskolleg.de\/en\/unkategorisiert\/das-historisches-kolleg-trauert-um-johannes-fried-1942-2026\/#primaryimage","url":"https:\/\/www.historischeskolleg.de\/app\/uploads\/2021\/11\/Gartenansicht-Winter.jpg","contentUrl":"https:\/\/www.historischeskolleg.de\/app\/uploads\/2021\/11\/Gartenansicht-Winter.jpg","width":1523,"height":1263},{"@type":"BreadcrumbList","@id":"https:\/\/www.historischeskolleg.de\/en\/unkategorisiert\/das-historisches-kolleg-trauert-um-johannes-fried-1942-2026\/#breadcrumb","itemListElement":[{"@type":"ListItem","position":1,"name":"Home","item":"https:\/\/www.historischeskolleg.de\/en\/"},{"@type":"ListItem","position":2,"name":"Das Historische Kolleg trauert um Johannes Fried (1942\u20132026)"}]},{"@type":"WebSite","@id":"https:\/\/www.historischeskolleg.de\/en\/#website","url":"https:\/\/www.historischeskolleg.de\/en\/","name":"Historisches Kolleg","description":"Institute for Advanced Study in History","publisher":{"@id":"https:\/\/www.historischeskolleg.de\/en\/#organization"},"potentialAction":[{"@type":"SearchAction","target":{"@type":"EntryPoint","urlTemplate":"https:\/\/www.historischeskolleg.de\/en\/?s={search_term_string}"},"query-input":{"@type":"PropertyValueSpecification","valueRequired":true,"valueName":"search_term_string"}}],"inLanguage":"en-US"},{"@type":"Organization","@id":"https:\/\/www.historischeskolleg.de\/en\/#organization","name":"Historisches Kolleg","url":"https:\/\/www.historischeskolleg.de\/en\/","logo":{"@type":"ImageObject","inLanguage":"en-US","@id":"https:\/\/www.historischeskolleg.de\/en\/#\/schema\/logo\/image\/","url":"https:\/\/www.historischeskolleg.de\/app\/uploads\/2021\/07\/cropped-HK_Logo_quer_blau_mitZusatz_transparent.png","contentUrl":"https:\/\/www.historischeskolleg.de\/app\/uploads\/2021\/07\/cropped-HK_Logo_quer_blau_mitZusatz_transparent.png","width":1300,"height":296,"caption":"Historisches Kolleg"},"image":{"@id":"https:\/\/www.historischeskolleg.de\/en\/#\/schema\/logo\/image\/"}},{"@type":"Person","@id":"https:\/\/www.historischeskolleg.de\/en\/#\/schema\/person\/835c250bdd6f8ae1f2c9cec7a4814787","name":"Franziska Nicolay-Fischbach","image":{"@type":"ImageObject","inLanguage":"en-US","@id":"https:\/\/secure.gravatar.com\/avatar\/4b4d62eac528442ab55d774cbf864a95737752ed746cc8626ada4a4926f0d2d3?s=96&d=mm&r=g","url":"https:\/\/secure.gravatar.com\/avatar\/4b4d62eac528442ab55d774cbf864a95737752ed746cc8626ada4a4926f0d2d3?s=96&d=mm&r=g","contentUrl":"https:\/\/secure.gravatar.com\/avatar\/4b4d62eac528442ab55d774cbf864a95737752ed746cc8626ada4a4926f0d2d3?s=96&d=mm&r=g","caption":"Franziska Nicolay-Fischbach"},"url":"https:\/\/www.historischeskolleg.de\/en\/author\/nicolay-fischbach\/"}]}},"_links":{"self":[{"href":"https:\/\/www.historischeskolleg.de\/en\/wp-json\/wp\/v2\/posts\/13149","targetHints":{"allow":["GET"]}}],"collection":[{"href":"https:\/\/www.historischeskolleg.de\/en\/wp-json\/wp\/v2\/posts"}],"about":[{"href":"https:\/\/www.historischeskolleg.de\/en\/wp-json\/wp\/v2\/types\/post"}],"author":[{"embeddable":true,"href":"https:\/\/www.historischeskolleg.de\/en\/wp-json\/wp\/v2\/users\/12"}],"replies":[{"embeddable":true,"href":"https:\/\/www.historischeskolleg.de\/en\/wp-json\/wp\/v2\/comments?post=13149"}],"version-history":[{"count":14,"href":"https:\/\/www.historischeskolleg.de\/en\/wp-json\/wp\/v2\/posts\/13149\/revisions"}],"predecessor-version":[{"id":13171,"href":"https:\/\/www.historischeskolleg.de\/en\/wp-json\/wp\/v2\/posts\/13149\/revisions\/13171"}],"wp:featuredmedia":[{"embeddable":true,"href":"https:\/\/www.historischeskolleg.de\/en\/wp-json\/wp\/v2\/media\/5838"}],"wp:attachment":[{"href":"https:\/\/www.historischeskolleg.de\/en\/wp-json\/wp\/v2\/media?parent=13149"}],"wp:term":[{"taxonomy":"category","embeddable":true,"href":"https:\/\/www.historischeskolleg.de\/en\/wp-json\/wp\/v2\/categories?post=13149"},{"taxonomy":"post_tag","embeddable":true,"href":"https:\/\/www.historischeskolleg.de\/en\/wp-json\/wp\/v2\/tags?post=13149"}],"curies":[{"name":"wp","href":"https:\/\/api.w.org\/{rel}","templated":true}]}}