{"id":12469,"date":"2025-10-14T09:22:42","date_gmt":"2025-10-14T07:22:42","guid":{"rendered":"https:\/\/www.historischeskolleg.de\/?p=12469"},"modified":"2025-10-14T11:54:47","modified_gmt":"2025-10-14T09:54:47","slug":"kollegjahr-2025-2026-eroeffnet-das-historische-kolleg-begruesst-die-neuen-fellows","status":"publish","type":"post","link":"https:\/\/www.historischeskolleg.de\/en\/unkategorisiert\/kollegjahr-2025-2026-eroeffnet-das-historische-kolleg-begruesst-die-neuen-fellows\/","title":{"rendered":"Kollegjahr 2025\/2026 er\u00f6ffnet: Das Historische Kolleg begr\u00fc\u00dft die neuen Fellows"},"content":{"rendered":"\t\t<div data-elementor-type=\"wp-post\" data-elementor-id=\"12469\" class=\"elementor elementor-12469\" data-elementor-post-type=\"post\">\n\t\t\t\t\t\t<section class=\"elementor-section elementor-top-section elementor-element elementor-element-2167ed0 elementor-section-boxed elementor-section-height-default elementor-section-height-default\" data-id=\"2167ed0\" data-element_type=\"section\" data-e-type=\"section\">\n\t\t\t\t\t\t<div class=\"elementor-container elementor-column-gap-default\">\n\t\t\t\t\t<div class=\"elementor-column elementor-col-100 elementor-top-column elementor-element elementor-element-f0af977\" data-id=\"f0af977\" data-element_type=\"column\" data-e-type=\"column\">\n\t\t\t<div class=\"elementor-widget-wrap elementor-element-populated\">\n\t\t\t\t\t\t<div class=\"elementor-element elementor-element-043c189 elementor-widget elementor-widget-heading\" data-id=\"043c189\" data-element_type=\"widget\" data-e-type=\"widget\" data-widget_type=\"heading.default\">\n\t\t\t\t<div class=\"elementor-widget-container\">\n\t\t\t\t\t<h1 class=\"elementor-heading-title elementor-size-default\">46. Kollegjahr er\u00f6ffnet: Historisches Kolleg <br>begr\u00fc\u00dft neue Fellows<\/h1>\t\t\t\t<\/div>\n\t\t\t\t<\/div>\n\t\t\t\t<div class=\"elementor-element elementor-element-0841ff5 elementor-widget-divider--view-line elementor-widget elementor-widget-divider\" data-id=\"0841ff5\" data-element_type=\"widget\" data-e-type=\"widget\" data-widget_type=\"divider.default\">\n\t\t\t\t<div class=\"elementor-widget-container\">\n\t\t\t\t\t\t\t<div class=\"elementor-divider\">\n\t\t\t<span class=\"elementor-divider-separator\">\n\t\t\t\t\t\t<\/span>\n\t\t<\/div>\n\t\t\t\t\t\t<\/div>\n\t\t\t\t<\/div>\n\t\t\t\t<div class=\"elementor-element elementor-element-57a2ba2 elementor-align-center elementor-widget elementor-widget-post-info\" data-id=\"57a2ba2\" data-element_type=\"widget\" data-e-type=\"widget\" data-widget_type=\"post-info.default\">\n\t\t\t\t<div class=\"elementor-widget-container\">\n\t\t\t\t\t\t\t<ul class=\"elementor-inline-items elementor-icon-list-items elementor-post-info\">\n\t\t\t\t\t\t\t\t<li class=\"elementor-icon-list-item elementor-repeater-item-0fbf284 elementor-inline-item\">\n\t\t\t\t\t\t\t\t\t\t<span class=\"elementor-icon-list-icon\">\n\t\t\t\t\t\t\t\t<i aria-hidden=\"true\" class=\"far fa-user\"><\/i>\t\t\t\t\t\t\t<\/span>\n\t\t\t\t\t\t\t\t\t<span class=\"elementor-icon-list-text elementor-post-info__item elementor-post-info__item--type-custom\">\n\t\t\t\t\t\t\t\t\t\tHistorisches Kolleg\t\t\t\t\t<\/span>\n\t\t\t\t\t\t\t\t<\/li>\n\t\t\t\t<li class=\"elementor-icon-list-item elementor-repeater-item-3c137b9 elementor-inline-item\" itemprop=\"datePublished\">\n\t\t\t\t\t\t\t\t\t\t<span class=\"elementor-icon-list-icon\">\n\t\t\t\t\t\t\t\t<i aria-hidden=\"true\" class=\"far fa-calendar-alt\"><\/i>\t\t\t\t\t\t\t<\/span>\n\t\t\t\t\t\t\t\t\t<span class=\"elementor-icon-list-text elementor-post-info__item elementor-post-info__item--type-date\">\n\t\t\t\t\t\t\t\t\t\t<time>14.10.2025<\/time>\t\t\t\t\t<\/span>\n\t\t\t\t\t\t\t\t<\/li>\n\t\t\t\t<\/ul>\n\t\t\t\t\t\t<\/div>\n\t\t\t\t<\/div>\n\t\t\t\t<div class=\"elementor-element elementor-element-914ffff elementor-widget-divider--view-line elementor-widget elementor-widget-divider\" data-id=\"914ffff\" data-element_type=\"widget\" data-e-type=\"widget\" data-widget_type=\"divider.default\">\n\t\t\t\t<div class=\"elementor-widget-container\">\n\t\t\t\t\t\t\t<div class=\"elementor-divider\">\n\t\t\t<span class=\"elementor-divider-separator\">\n\t\t\t\t\t\t<\/span>\n\t\t<\/div>\n\t\t\t\t\t\t<\/div>\n\t\t\t\t<\/div>\n\t\t\t\t\t<\/div>\n\t\t<\/div>\n\t\t\t\t\t<\/div>\n\t\t<\/section>\n\t\t\t\t<section class=\"elementor-section elementor-top-section elementor-element elementor-element-23f19bf elementor-section-boxed elementor-section-height-default elementor-section-height-default\" data-id=\"23f19bf\" data-element_type=\"section\" data-e-type=\"section\">\n\t\t\t\t\t\t<div class=\"elementor-container elementor-column-gap-default\">\n\t\t\t\t\t<div class=\"elementor-column elementor-col-100 elementor-top-column elementor-element elementor-element-faaa271\" data-id=\"faaa271\" data-element_type=\"column\" data-e-type=\"column\">\n\t\t\t<div class=\"elementor-widget-wrap elementor-element-populated\">\n\t\t\t\t\t\t<div class=\"elementor-element elementor-element-6d0731e elementor-widget__width-initial elementor-widget elementor-widget-text-editor\" data-id=\"6d0731e\" data-element_type=\"widget\" data-e-type=\"widget\" data-widget_type=\"text-editor.default\">\n\t\t\t\t<div class=\"elementor-widget-container\">\n\t\t\t\t\t\t\t\t\t<p><strong>Am 6. Oktober fand der Begr\u00fc\u00dfungsabend statt, an dem das Kuratorium und die Mitarbeiterinnen und Mitarbeiter des Historischen Kollegs die neuen Fellows offiziell begr\u00fc\u00dften.<\/strong><\/p><p>Die stellvertretende Kuratoriumsvorsitzende <strong>Prof. Dr. Elke Seefried<\/strong> er\u00f6ffnete den Abend, stellte die sechs Stipendiatinnen und Stipendiaten vor und kam mit ihnen \u00fcber ihre Forschungsprojekte ins Gespr\u00e4ch. Zum ersten Mal begleiteten die <strong>Augsburger Domsingknaben<\/strong> den Abend und umrahmten die zwei Vorstellungsrunden musikalisch. Zun\u00e4chst unterhielt sich Elke Seefried mit <a href=\"https:\/\/www.historischeskolleg.de\/fellows\/dr-tabea-meurer\/\" target=\"_blank\" rel=\"noopener\"><strong>Dr. Tabea Meurer<\/strong><\/a> (Fellow der Gerda Henkel Stiftung), <a href=\"https:\/\/www.historischeskolleg.de\/fellows\/dr-juliane-hornung\/\" target=\"_blank\" rel=\"noopener\"><strong>Dr. Juliane Hornung<\/strong><\/a> (Fellow der Bona Stiftung) und <a href=\"https:\/\/www.historischeskolleg.de\/fellows\/professor-dr-guenther-wassilowsky\/\" target=\"_blank\" rel=\"noopener\"><strong>Prof. Dr. G\u00fcnther Wassilowsky<\/strong><\/a> (Fellow der Fritz Thyssen Stiftung). In der zweiten Runde erz\u00e4hlten <a href=\"https:\/\/www.historischeskolleg.de\/fellows\/dr-amel-bouder\/\" target=\"_blank\" rel=\"noopener\"><strong>Dr. Amel Bouder<\/strong><\/a> (Fellow der Bayerischen Akademie der Wissenschaften), <a href=\"https:\/\/www.historischeskolleg.de\/fellows\/dr-johannes-dafinger\/\" target=\"_blank\" rel=\"noopener\"><strong>Dr. Johannes Dafinger<\/strong><\/a> (Fellow des Historischen Seminars der LMU und des Freundeskreises des Historischen Kollegs) und <a href=\"https:\/\/www.historischeskolleg.de\/fellows\/professor-dr-ulinka-rublack\/\" target=\"_blank\" rel=\"noopener\"><strong>Prof. Dr. Ulinka Rublack<\/strong><\/a> (Fellow des K\u00e4te Hamburger Kollegs global dis:connect und des Freistaates Bayern) von ihren geplanten Forschungsvorhaben.<\/p>\t\t\t\t\t\t\t\t<\/div>\n\t\t\t\t<\/div>\n\t\t\t\t\t<\/div>\n\t\t<\/div>\n\t\t\t\t\t<\/div>\n\t\t<\/section>\n\t\t\t\t<section class=\"elementor-section elementor-top-section elementor-element elementor-element-2793af5 elementor-section-boxed elementor-section-height-default elementor-section-height-default\" data-id=\"2793af5\" data-element_type=\"section\" data-e-type=\"section\">\n\t\t\t\t\t\t<div class=\"elementor-container elementor-column-gap-default\">\n\t\t\t\t\t<div class=\"elementor-column elementor-col-100 elementor-top-column elementor-element elementor-element-03530cd\" data-id=\"03530cd\" data-element_type=\"column\" data-e-type=\"column\">\n\t\t\t<div class=\"elementor-widget-wrap elementor-element-populated\">\n\t\t\t\t\t\t<div class=\"elementor-element elementor-element-70f1206 elementor-widget elementor-widget-text-editor\" data-id=\"70f1206\" data-element_type=\"widget\" data-e-type=\"widget\" data-widget_type=\"text-editor.default\">\n\t\t\t\t<div class=\"elementor-widget-container\">\n\t\t\t\t\t\t\t\t\t<p>\u00a0<\/p><p><strong>Impressionen des Begr\u00fc\u00dfungsabends:<\/strong><\/p>\t\t\t\t\t\t\t\t<\/div>\n\t\t\t\t<\/div>\n\t\t\t\t<div class=\"elementor-element elementor-element-7938ad5 elementor-widget elementor-widget-image-gallery\" data-id=\"7938ad5\" data-element_type=\"widget\" data-e-type=\"widget\" data-widget_type=\"image-gallery.default\">\n\t\t\t\t<div class=\"elementor-widget-container\">\n\t\t\t\t\t\t\t<div class=\"elementor-image-gallery\">\n\t\t\t\n<a data-elementor-open-lightbox=\"yes\" data-elementor-lightbox-slideshow=\"7938ad5\" data-elementor-lightbox-title=\"Begr\u00fc\u00dfungsabend am 6. Oktober\" data-e-action-hash=\"#elementor-action%3Aaction%3Dlightbox%26settings%3DeyJpZCI6MTI0OTEsInVybCI6Imh0dHBzOlwvXC93d3cuaGlzdG9yaXNjaGVza29sbGVnLmRlXC9hcHBcL3VwbG9hZHNcLzIwMjVcLzEwXC9pbWFnZTAwMDMyLmpwZWciLCJzbGlkZXNob3ciOiI3OTM4YWQ1In0%3D\" href='https:\/\/www.historischeskolleg.de\/app\/uploads\/2025\/10\/image00032.jpeg'><img decoding=\"async\" width=\"150\" height=\"150\" src=\"https:\/\/www.historischeskolleg.de\/app\/uploads\/2025\/10\/image00032-150x150.jpeg\" class=\"attachment-thumbnail size-thumbnail\" alt=\"\" \/><\/a>\n<a data-elementor-open-lightbox=\"yes\" data-elementor-lightbox-slideshow=\"7938ad5\" data-elementor-lightbox-title=\"Augsburger Domsingknaben\" data-e-action-hash=\"#elementor-action%3Aaction%3Dlightbox%26settings%3DeyJpZCI6MTI0ODksInVybCI6Imh0dHBzOlwvXC93d3cuaGlzdG9yaXNjaGVza29sbGVnLmRlXC9hcHBcL3VwbG9hZHNcLzIwMjVcLzEwXC9pbWFnZTAwMDMxLmpwZWciLCJzbGlkZXNob3ciOiI3OTM4YWQ1In0%3D\" href='https:\/\/www.historischeskolleg.de\/app\/uploads\/2025\/10\/image00031.jpeg'><img decoding=\"async\" width=\"150\" height=\"150\" src=\"https:\/\/www.historischeskolleg.de\/app\/uploads\/2025\/10\/image00031-150x150.jpeg\" class=\"attachment-thumbnail size-thumbnail\" alt=\"\" \/><\/a>\n<a data-elementor-open-lightbox=\"yes\" data-elementor-lightbox-slideshow=\"7938ad5\" data-elementor-lightbox-title=\"Prof. Dr. Elke Seefried er\u00f6ffnet\" data-e-action-hash=\"#elementor-action%3Aaction%3Dlightbox%26settings%3DeyJpZCI6MTI0ODUsInVybCI6Imh0dHBzOlwvXC93d3cuaGlzdG9yaXNjaGVza29sbGVnLmRlXC9hcHBcL3VwbG9hZHNcLzIwMjVcLzEwXC9pbWFnZTAwMDI4LmpwZWciLCJzbGlkZXNob3ciOiI3OTM4YWQ1In0%3D\" href='https:\/\/www.historischeskolleg.de\/app\/uploads\/2025\/10\/image00028.jpeg'><img decoding=\"async\" width=\"150\" height=\"150\" src=\"https:\/\/www.historischeskolleg.de\/app\/uploads\/2025\/10\/image00028-150x150.jpeg\" class=\"attachment-thumbnail size-thumbnail\" alt=\"\" \/><\/a>\n<a data-elementor-open-lightbox=\"yes\" data-elementor-lightbox-slideshow=\"7938ad5\" data-elementor-lightbox-title=\"Prof. Dr. Elke Seefried er\u00f6ffnet\" data-e-action-hash=\"#elementor-action%3Aaction%3Dlightbox%26settings%3DeyJpZCI6MTI0ODMsInVybCI6Imh0dHBzOlwvXC93d3cuaGlzdG9yaXNjaGVza29sbGVnLmRlXC9hcHBcL3VwbG9hZHNcLzIwMjVcLzEwXC9pbWFnZTAwMDIxLmpwZWciLCJzbGlkZXNob3ciOiI3OTM4YWQ1In0%3D\" href='https:\/\/www.historischeskolleg.de\/app\/uploads\/2025\/10\/image00021.jpeg'><img loading=\"lazy\" decoding=\"async\" width=\"150\" height=\"150\" src=\"https:\/\/www.historischeskolleg.de\/app\/uploads\/2025\/10\/image00021-150x150.jpeg\" class=\"attachment-thumbnail size-thumbnail\" alt=\"\" \/><\/a>\n<a data-elementor-open-lightbox=\"yes\" data-elementor-lightbox-slideshow=\"7938ad5\" data-elementor-lightbox-title=\"Tabea Meurer im Gespr\u00e4ch mit Elke Seefried\" data-e-action-hash=\"#elementor-action%3Aaction%3Dlightbox%26settings%3DeyJpZCI6MTI0ODEsInVybCI6Imh0dHBzOlwvXC93d3cuaGlzdG9yaXNjaGVza29sbGVnLmRlXC9hcHBcL3VwbG9hZHNcLzIwMjVcLzEwXC9pbWFnZTAwMDE5LmpwZWciLCJzbGlkZXNob3ciOiI3OTM4YWQ1In0%3D\" href='https:\/\/www.historischeskolleg.de\/app\/uploads\/2025\/10\/image00019.jpeg'><img loading=\"lazy\" decoding=\"async\" width=\"150\" height=\"150\" src=\"https:\/\/www.historischeskolleg.de\/app\/uploads\/2025\/10\/image00019-150x150.jpeg\" class=\"attachment-thumbnail size-thumbnail\" alt=\"\" \/><\/a>\n<a data-elementor-open-lightbox=\"yes\" data-elementor-lightbox-slideshow=\"7938ad5\" data-elementor-lightbox-title=\"Domkapellmeister Stefan Steinemann dirigiert\" data-e-action-hash=\"#elementor-action%3Aaction%3Dlightbox%26settings%3DeyJpZCI6MTI0NzksInVybCI6Imh0dHBzOlwvXC93d3cuaGlzdG9yaXNjaGVza29sbGVnLmRlXC9hcHBcL3VwbG9hZHNcLzIwMjVcLzEwXC9pbWFnZTAwMDEyLmpwZWciLCJzbGlkZXNob3ciOiI3OTM4YWQ1In0%3D\" href='https:\/\/www.historischeskolleg.de\/app\/uploads\/2025\/10\/image00012.jpeg'><img loading=\"lazy\" decoding=\"async\" width=\"150\" height=\"150\" src=\"https:\/\/www.historischeskolleg.de\/app\/uploads\/2025\/10\/image00012-150x150.jpeg\" class=\"attachment-thumbnail size-thumbnail\" alt=\"\" \/><\/a>\n<a data-elementor-open-lightbox=\"yes\" data-elementor-lightbox-slideshow=\"7938ad5\" data-elementor-lightbox-title=\"Amel Bouder, Johannes Dafinger und Ulinka Rublack (v.r.n.l.)\" data-e-action-hash=\"#elementor-action%3Aaction%3Dlightbox%26settings%3DeyJpZCI6MTI0NzcsInVybCI6Imh0dHBzOlwvXC93d3cuaGlzdG9yaXNjaGVza29sbGVnLmRlXC9hcHBcL3VwbG9hZHNcLzIwMjVcLzEwXC9pbWFnZTAwMDA3LTEuanBlZyIsInNsaWRlc2hvdyI6Ijc5MzhhZDUifQ%3D%3D\" href='https:\/\/www.historischeskolleg.de\/app\/uploads\/2025\/10\/image00007-1.jpeg'><img loading=\"lazy\" decoding=\"async\" width=\"150\" height=\"150\" src=\"https:\/\/www.historischeskolleg.de\/app\/uploads\/2025\/10\/image00007-1-150x150.jpeg\" class=\"attachment-thumbnail size-thumbnail\" alt=\"\" \/><\/a>\n<a data-elementor-open-lightbox=\"yes\" data-elementor-lightbox-slideshow=\"7938ad5\" data-elementor-lightbox-title=\"Gesang &quot;Der Lindenbaum&quot; von Friedrich Silcher\" data-e-action-hash=\"#elementor-action%3Aaction%3Dlightbox%26settings%3DeyJpZCI6MTI0ODcsInVybCI6Imh0dHBzOlwvXC93d3cuaGlzdG9yaXNjaGVza29sbGVnLmRlXC9hcHBcL3VwbG9hZHNcLzIwMjVcLzEwXC9pbWFnZTAwMDI5LmpwZWciLCJzbGlkZXNob3ciOiI3OTM4YWQ1In0%3D\" href='https:\/\/www.historischeskolleg.de\/app\/uploads\/2025\/10\/image00029.jpeg'><img loading=\"lazy\" decoding=\"async\" width=\"150\" height=\"150\" src=\"https:\/\/www.historischeskolleg.de\/app\/uploads\/2025\/10\/image00029-150x150.jpeg\" class=\"attachment-thumbnail size-thumbnail\" alt=\"\" \/><\/a>\n<a data-elementor-open-lightbox=\"yes\" data-elementor-lightbox-slideshow=\"7938ad5\" data-elementor-lightbox-title=\"Empfang im Gartensaal\" data-e-action-hash=\"#elementor-action%3Aaction%3Dlightbox%26settings%3DeyJpZCI6MTI0NzMsInVybCI6Imh0dHBzOlwvXC93d3cuaGlzdG9yaXNjaGVza29sbGVnLmRlXC9hcHBcL3VwbG9hZHNcLzIwMjVcLzEwXC9pbWFnZTAwMDAyLmpwZWciLCJzbGlkZXNob3ciOiI3OTM4YWQ1In0%3D\" href='https:\/\/www.historischeskolleg.de\/app\/uploads\/2025\/10\/image00002.jpeg'><img loading=\"lazy\" decoding=\"async\" width=\"150\" height=\"150\" src=\"https:\/\/www.historischeskolleg.de\/app\/uploads\/2025\/10\/image00002-150x150.jpeg\" class=\"attachment-thumbnail size-thumbnail\" alt=\"\" \/><\/a>\n\t\t<\/div>\n\t\t\t\t\t\t<\/div>\n\t\t\t\t<\/div>\n\t\t\t\t\t<\/div>\n\t\t<\/div>\n\t\t\t\t\t<\/div>\n\t\t<\/section>\n\t\t\t\t<\/div>\n\t\t","protected":false},"excerpt":{"rendered":"","protected":false},"author":12,"featured_media":12470,"comment_status":"closed","ping_status":"closed","sticky":false,"template":"","format":"standard","meta":{"footnotes":""},"categories":[1],"tags":[],"class_list":["post-12469","post","type-post","status-publish","format-standard","has-post-thumbnail","hentry","category-unkategorisiert"],"acf":[],"yoast_head":"<!-- This site is optimized with the Yoast SEO plugin v27.3 - https:\/\/yoast.com\/product\/yoast-seo-wordpress\/ -->\n<title>Kollegjahr 2025\/2026 er\u00f6ffnet: Das Historische Kolleg begr\u00fc\u00dft die neuen Fellows - Historisches Kolleg<\/title>\n<meta name=\"robots\" content=\"index, follow, max-snippet:-1, max-image-preview:large, max-video-preview:-1\" \/>\n<link rel=\"canonical\" href=\"https:\/\/www.historischeskolleg.de\/en\/unkategorisiert\/kollegjahr-2025-2026-eroeffnet-das-historische-kolleg-begruesst-die-neuen-fellows\/\" \/>\n<meta property=\"og:locale\" content=\"en_US\" \/>\n<meta property=\"og:type\" content=\"article\" \/>\n<meta property=\"og:title\" content=\"Kollegjahr 2025\/2026 er\u00f6ffnet: Das Historische Kolleg begr\u00fc\u00dft die neuen Fellows - Historisches Kolleg\" \/>\n<meta property=\"og:url\" content=\"https:\/\/www.historischeskolleg.de\/en\/unkategorisiert\/kollegjahr-2025-2026-eroeffnet-das-historische-kolleg-begruesst-die-neuen-fellows\/\" \/>\n<meta property=\"og:site_name\" content=\"Historisches Kolleg\" \/>\n<meta property=\"article:published_time\" content=\"2025-10-14T07:22:42+00:00\" \/>\n<meta property=\"article:modified_time\" content=\"2025-10-14T09:54:47+00:00\" \/>\n<meta property=\"og:image\" content=\"https:\/\/www.historischeskolleg.de\/app\/uploads\/2025\/10\/image00007.jpeg\" \/>\n\t<meta property=\"og:image:width\" content=\"2560\" \/>\n\t<meta property=\"og:image:height\" content=\"1869\" \/>\n\t<meta property=\"og:image:type\" content=\"image\/jpeg\" \/>\n<meta name=\"author\" content=\"Franziska Nicolay-Fischbach\" \/>\n<meta name=\"twitter:card\" content=\"summary_large_image\" \/>\n<meta name=\"twitter:label1\" content=\"Written by\" \/>\n\t<meta name=\"twitter:data1\" content=\"Franziska Nicolay-Fischbach\" \/>\n\t<meta name=\"twitter:label2\" content=\"Est. reading time\" \/>\n\t<meta name=\"twitter:data2\" content=\"3 minutes\" \/>\n<script type=\"application\/ld+json\" class=\"yoast-schema-graph\">{\"@context\":\"https:\\\/\\\/schema.org\",\"@graph\":[{\"@type\":\"Article\",\"@id\":\"https:\\\/\\\/www.historischeskolleg.de\\\/en\\\/unkategorisiert\\\/kollegjahr-2025-2026-eroeffnet-das-historische-kolleg-begruesst-die-neuen-fellows\\\/#article\",\"isPartOf\":{\"@id\":\"https:\\\/\\\/www.historischeskolleg.de\\\/en\\\/unkategorisiert\\\/kollegjahr-2025-2026-eroeffnet-das-historische-kolleg-begruesst-die-neuen-fellows\\\/\"},\"author\":{\"name\":\"Franziska Nicolay-Fischbach\",\"@id\":\"https:\\\/\\\/www.historischeskolleg.de\\\/en\\\/#\\\/schema\\\/person\\\/835c250bdd6f8ae1f2c9cec7a4814787\"},\"headline\":\"Kollegjahr 2025\\\/2026 er\u00f6ffnet: Das Historische Kolleg begr\u00fc\u00dft die neuen Fellows\",\"datePublished\":\"2025-10-14T07:22:42+00:00\",\"dateModified\":\"2025-10-14T09:54:47+00:00\",\"mainEntityOfPage\":{\"@id\":\"https:\\\/\\\/www.historischeskolleg.de\\\/en\\\/unkategorisiert\\\/kollegjahr-2025-2026-eroeffnet-das-historische-kolleg-begruesst-die-neuen-fellows\\\/\"},\"wordCount\":233,\"publisher\":{\"@id\":\"https:\\\/\\\/www.historischeskolleg.de\\\/en\\\/#organization\"},\"image\":{\"@id\":\"https:\\\/\\\/www.historischeskolleg.de\\\/en\\\/unkategorisiert\\\/kollegjahr-2025-2026-eroeffnet-das-historische-kolleg-begruesst-die-neuen-fellows\\\/#primaryimage\"},\"thumbnailUrl\":\"https:\\\/\\\/www.historischeskolleg.de\\\/app\\\/uploads\\\/2025\\\/10\\\/image00007.jpeg\",\"articleSection\":[\"Unkategorisiert\"],\"inLanguage\":\"en-US\"},{\"@type\":\"WebPage\",\"@id\":\"https:\\\/\\\/www.historischeskolleg.de\\\/en\\\/unkategorisiert\\\/kollegjahr-2025-2026-eroeffnet-das-historische-kolleg-begruesst-die-neuen-fellows\\\/\",\"url\":\"https:\\\/\\\/www.historischeskolleg.de\\\/en\\\/unkategorisiert\\\/kollegjahr-2025-2026-eroeffnet-das-historische-kolleg-begruesst-die-neuen-fellows\\\/\",\"name\":\"Kollegjahr 2025\\\/2026 er\u00f6ffnet: Das Historische Kolleg begr\u00fc\u00dft die neuen Fellows - Historisches Kolleg\",\"isPartOf\":{\"@id\":\"https:\\\/\\\/www.historischeskolleg.de\\\/en\\\/#website\"},\"primaryImageOfPage\":{\"@id\":\"https:\\\/\\\/www.historischeskolleg.de\\\/en\\\/unkategorisiert\\\/kollegjahr-2025-2026-eroeffnet-das-historische-kolleg-begruesst-die-neuen-fellows\\\/#primaryimage\"},\"image\":{\"@id\":\"https:\\\/\\\/www.historischeskolleg.de\\\/en\\\/unkategorisiert\\\/kollegjahr-2025-2026-eroeffnet-das-historische-kolleg-begruesst-die-neuen-fellows\\\/#primaryimage\"},\"thumbnailUrl\":\"https:\\\/\\\/www.historischeskolleg.de\\\/app\\\/uploads\\\/2025\\\/10\\\/image00007.jpeg\",\"datePublished\":\"2025-10-14T07:22:42+00:00\",\"dateModified\":\"2025-10-14T09:54:47+00:00\",\"breadcrumb\":{\"@id\":\"https:\\\/\\\/www.historischeskolleg.de\\\/en\\\/unkategorisiert\\\/kollegjahr-2025-2026-eroeffnet-das-historische-kolleg-begruesst-die-neuen-fellows\\\/#breadcrumb\"},\"inLanguage\":\"en-US\",\"potentialAction\":[{\"@type\":\"ReadAction\",\"target\":[\"https:\\\/\\\/www.historischeskolleg.de\\\/en\\\/unkategorisiert\\\/kollegjahr-2025-2026-eroeffnet-das-historische-kolleg-begruesst-die-neuen-fellows\\\/\"]}]},{\"@type\":\"ImageObject\",\"inLanguage\":\"en-US\",\"@id\":\"https:\\\/\\\/www.historischeskolleg.de\\\/en\\\/unkategorisiert\\\/kollegjahr-2025-2026-eroeffnet-das-historische-kolleg-begruesst-die-neuen-fellows\\\/#primaryimage\",\"url\":\"https:\\\/\\\/www.historischeskolleg.de\\\/app\\\/uploads\\\/2025\\\/10\\\/image00007.jpeg\",\"contentUrl\":\"https:\\\/\\\/www.historischeskolleg.de\\\/app\\\/uploads\\\/2025\\\/10\\\/image00007.jpeg\",\"width\":2560,\"height\":1869},{\"@type\":\"BreadcrumbList\",\"@id\":\"https:\\\/\\\/www.historischeskolleg.de\\\/en\\\/unkategorisiert\\\/kollegjahr-2025-2026-eroeffnet-das-historische-kolleg-begruesst-die-neuen-fellows\\\/#breadcrumb\",\"itemListElement\":[{\"@type\":\"ListItem\",\"position\":1,\"name\":\"Home\",\"item\":\"https:\\\/\\\/www.historischeskolleg.de\\\/en\\\/\"},{\"@type\":\"ListItem\",\"position\":2,\"name\":\"Kollegjahr 2025\\\/2026 er\u00f6ffnet: Das Historische Kolleg begr\u00fc\u00dft die neuen Fellows\"}]},{\"@type\":\"WebSite\",\"@id\":\"https:\\\/\\\/www.historischeskolleg.de\\\/en\\\/#website\",\"url\":\"https:\\\/\\\/www.historischeskolleg.de\\\/en\\\/\",\"name\":\"Historisches Kolleg\",\"description\":\"Institute for Advanced Study in History\",\"publisher\":{\"@id\":\"https:\\\/\\\/www.historischeskolleg.de\\\/en\\\/#organization\"},\"potentialAction\":[{\"@type\":\"SearchAction\",\"target\":{\"@type\":\"EntryPoint\",\"urlTemplate\":\"https:\\\/\\\/www.historischeskolleg.de\\\/en\\\/?s={search_term_string}\"},\"query-input\":{\"@type\":\"PropertyValueSpecification\",\"valueRequired\":true,\"valueName\":\"search_term_string\"}}],\"inLanguage\":\"en-US\"},{\"@type\":\"Organization\",\"@id\":\"https:\\\/\\\/www.historischeskolleg.de\\\/en\\\/#organization\",\"name\":\"Historisches Kolleg\",\"url\":\"https:\\\/\\\/www.historischeskolleg.de\\\/en\\\/\",\"logo\":{\"@type\":\"ImageObject\",\"inLanguage\":\"en-US\",\"@id\":\"https:\\\/\\\/www.historischeskolleg.de\\\/en\\\/#\\\/schema\\\/logo\\\/image\\\/\",\"url\":\"https:\\\/\\\/www.historischeskolleg.de\\\/app\\\/uploads\\\/2021\\\/07\\\/cropped-HK_Logo_quer_blau_mitZusatz_transparent.png\",\"contentUrl\":\"https:\\\/\\\/www.historischeskolleg.de\\\/app\\\/uploads\\\/2021\\\/07\\\/cropped-HK_Logo_quer_blau_mitZusatz_transparent.png\",\"width\":1300,\"height\":296,\"caption\":\"Historisches Kolleg\"},\"image\":{\"@id\":\"https:\\\/\\\/www.historischeskolleg.de\\\/en\\\/#\\\/schema\\\/logo\\\/image\\\/\"}},{\"@type\":\"Person\",\"@id\":\"https:\\\/\\\/www.historischeskolleg.de\\\/en\\\/#\\\/schema\\\/person\\\/835c250bdd6f8ae1f2c9cec7a4814787\",\"name\":\"Franziska Nicolay-Fischbach\",\"image\":{\"@type\":\"ImageObject\",\"inLanguage\":\"en-US\",\"@id\":\"https:\\\/\\\/secure.gravatar.com\\\/avatar\\\/4b4d62eac528442ab55d774cbf864a95737752ed746cc8626ada4a4926f0d2d3?s=96&d=mm&r=g\",\"url\":\"https:\\\/\\\/secure.gravatar.com\\\/avatar\\\/4b4d62eac528442ab55d774cbf864a95737752ed746cc8626ada4a4926f0d2d3?s=96&d=mm&r=g\",\"contentUrl\":\"https:\\\/\\\/secure.gravatar.com\\\/avatar\\\/4b4d62eac528442ab55d774cbf864a95737752ed746cc8626ada4a4926f0d2d3?s=96&d=mm&r=g\",\"caption\":\"Franziska Nicolay-Fischbach\"},\"url\":\"https:\\\/\\\/www.historischeskolleg.de\\\/en\\\/author\\\/nicolay-fischbach\\\/\"}]}<\/script>\n<!-- \/ Yoast SEO plugin. -->","yoast_head_json":{"title":"Kollegjahr 2025\/2026 er\u00f6ffnet: Das Historische Kolleg begr\u00fc\u00dft die neuen Fellows - Historisches Kolleg","robots":{"index":"index","follow":"follow","max-snippet":"max-snippet:-1","max-image-preview":"max-image-preview:large","max-video-preview":"max-video-preview:-1"},"canonical":"https:\/\/www.historischeskolleg.de\/en\/unkategorisiert\/kollegjahr-2025-2026-eroeffnet-das-historische-kolleg-begruesst-die-neuen-fellows\/","og_locale":"en_US","og_type":"article","og_title":"Kollegjahr 2025\/2026 er\u00f6ffnet: Das Historische Kolleg begr\u00fc\u00dft die neuen Fellows - Historisches Kolleg","og_url":"https:\/\/www.historischeskolleg.de\/en\/unkategorisiert\/kollegjahr-2025-2026-eroeffnet-das-historische-kolleg-begruesst-die-neuen-fellows\/","og_site_name":"Historisches Kolleg","article_published_time":"2025-10-14T07:22:42+00:00","article_modified_time":"2025-10-14T09:54:47+00:00","og_image":[{"width":2560,"height":1869,"url":"https:\/\/www.historischeskolleg.de\/app\/uploads\/2025\/10\/image00007.jpeg","type":"image\/jpeg"}],"author":"Franziska Nicolay-Fischbach","twitter_card":"summary_large_image","twitter_misc":{"Written by":"Franziska Nicolay-Fischbach","Est. reading time":"3 minutes"},"schema":{"@context":"https:\/\/schema.org","@graph":[{"@type":"Article","@id":"https:\/\/www.historischeskolleg.de\/en\/unkategorisiert\/kollegjahr-2025-2026-eroeffnet-das-historische-kolleg-begruesst-die-neuen-fellows\/#article","isPartOf":{"@id":"https:\/\/www.historischeskolleg.de\/en\/unkategorisiert\/kollegjahr-2025-2026-eroeffnet-das-historische-kolleg-begruesst-die-neuen-fellows\/"},"author":{"name":"Franziska Nicolay-Fischbach","@id":"https:\/\/www.historischeskolleg.de\/en\/#\/schema\/person\/835c250bdd6f8ae1f2c9cec7a4814787"},"headline":"Kollegjahr 2025\/2026 er\u00f6ffnet: Das Historische Kolleg begr\u00fc\u00dft die neuen Fellows","datePublished":"2025-10-14T07:22:42+00:00","dateModified":"2025-10-14T09:54:47+00:00","mainEntityOfPage":{"@id":"https:\/\/www.historischeskolleg.de\/en\/unkategorisiert\/kollegjahr-2025-2026-eroeffnet-das-historische-kolleg-begruesst-die-neuen-fellows\/"},"wordCount":233,"publisher":{"@id":"https:\/\/www.historischeskolleg.de\/en\/#organization"},"image":{"@id":"https:\/\/www.historischeskolleg.de\/en\/unkategorisiert\/kollegjahr-2025-2026-eroeffnet-das-historische-kolleg-begruesst-die-neuen-fellows\/#primaryimage"},"thumbnailUrl":"https:\/\/www.historischeskolleg.de\/app\/uploads\/2025\/10\/image00007.jpeg","articleSection":["Unkategorisiert"],"inLanguage":"en-US"},{"@type":"WebPage","@id":"https:\/\/www.historischeskolleg.de\/en\/unkategorisiert\/kollegjahr-2025-2026-eroeffnet-das-historische-kolleg-begruesst-die-neuen-fellows\/","url":"https:\/\/www.historischeskolleg.de\/en\/unkategorisiert\/kollegjahr-2025-2026-eroeffnet-das-historische-kolleg-begruesst-die-neuen-fellows\/","name":"Kollegjahr 2025\/2026 er\u00f6ffnet: Das Historische Kolleg begr\u00fc\u00dft die neuen Fellows - Historisches Kolleg","isPartOf":{"@id":"https:\/\/www.historischeskolleg.de\/en\/#website"},"primaryImageOfPage":{"@id":"https:\/\/www.historischeskolleg.de\/en\/unkategorisiert\/kollegjahr-2025-2026-eroeffnet-das-historische-kolleg-begruesst-die-neuen-fellows\/#primaryimage"},"image":{"@id":"https:\/\/www.historischeskolleg.de\/en\/unkategorisiert\/kollegjahr-2025-2026-eroeffnet-das-historische-kolleg-begruesst-die-neuen-fellows\/#primaryimage"},"thumbnailUrl":"https:\/\/www.historischeskolleg.de\/app\/uploads\/2025\/10\/image00007.jpeg","datePublished":"2025-10-14T07:22:42+00:00","dateModified":"2025-10-14T09:54:47+00:00","breadcrumb":{"@id":"https:\/\/www.historischeskolleg.de\/en\/unkategorisiert\/kollegjahr-2025-2026-eroeffnet-das-historische-kolleg-begruesst-die-neuen-fellows\/#breadcrumb"},"inLanguage":"en-US","potentialAction":[{"@type":"ReadAction","target":["https:\/\/www.historischeskolleg.de\/en\/unkategorisiert\/kollegjahr-2025-2026-eroeffnet-das-historische-kolleg-begruesst-die-neuen-fellows\/"]}]},{"@type":"ImageObject","inLanguage":"en-US","@id":"https:\/\/www.historischeskolleg.de\/en\/unkategorisiert\/kollegjahr-2025-2026-eroeffnet-das-historische-kolleg-begruesst-die-neuen-fellows\/#primaryimage","url":"https:\/\/www.historischeskolleg.de\/app\/uploads\/2025\/10\/image00007.jpeg","contentUrl":"https:\/\/www.historischeskolleg.de\/app\/uploads\/2025\/10\/image00007.jpeg","width":2560,"height":1869},{"@type":"BreadcrumbList","@id":"https:\/\/www.historischeskolleg.de\/en\/unkategorisiert\/kollegjahr-2025-2026-eroeffnet-das-historische-kolleg-begruesst-die-neuen-fellows\/#breadcrumb","itemListElement":[{"@type":"ListItem","position":1,"name":"Home","item":"https:\/\/www.historischeskolleg.de\/en\/"},{"@type":"ListItem","position":2,"name":"Kollegjahr 2025\/2026 er\u00f6ffnet: Das Historische Kolleg begr\u00fc\u00dft die neuen Fellows"}]},{"@type":"WebSite","@id":"https:\/\/www.historischeskolleg.de\/en\/#website","url":"https:\/\/www.historischeskolleg.de\/en\/","name":"Historisches Kolleg","description":"Institute for Advanced Study in History","publisher":{"@id":"https:\/\/www.historischeskolleg.de\/en\/#organization"},"potentialAction":[{"@type":"SearchAction","target":{"@type":"EntryPoint","urlTemplate":"https:\/\/www.historischeskolleg.de\/en\/?s={search_term_string}"},"query-input":{"@type":"PropertyValueSpecification","valueRequired":true,"valueName":"search_term_string"}}],"inLanguage":"en-US"},{"@type":"Organization","@id":"https:\/\/www.historischeskolleg.de\/en\/#organization","name":"Historisches Kolleg","url":"https:\/\/www.historischeskolleg.de\/en\/","logo":{"@type":"ImageObject","inLanguage":"en-US","@id":"https:\/\/www.historischeskolleg.de\/en\/#\/schema\/logo\/image\/","url":"https:\/\/www.historischeskolleg.de\/app\/uploads\/2021\/07\/cropped-HK_Logo_quer_blau_mitZusatz_transparent.png","contentUrl":"https:\/\/www.historischeskolleg.de\/app\/uploads\/2021\/07\/cropped-HK_Logo_quer_blau_mitZusatz_transparent.png","width":1300,"height":296,"caption":"Historisches Kolleg"},"image":{"@id":"https:\/\/www.historischeskolleg.de\/en\/#\/schema\/logo\/image\/"}},{"@type":"Person","@id":"https:\/\/www.historischeskolleg.de\/en\/#\/schema\/person\/835c250bdd6f8ae1f2c9cec7a4814787","name":"Franziska Nicolay-Fischbach","image":{"@type":"ImageObject","inLanguage":"en-US","@id":"https:\/\/secure.gravatar.com\/avatar\/4b4d62eac528442ab55d774cbf864a95737752ed746cc8626ada4a4926f0d2d3?s=96&d=mm&r=g","url":"https:\/\/secure.gravatar.com\/avatar\/4b4d62eac528442ab55d774cbf864a95737752ed746cc8626ada4a4926f0d2d3?s=96&d=mm&r=g","contentUrl":"https:\/\/secure.gravatar.com\/avatar\/4b4d62eac528442ab55d774cbf864a95737752ed746cc8626ada4a4926f0d2d3?s=96&d=mm&r=g","caption":"Franziska Nicolay-Fischbach"},"url":"https:\/\/www.historischeskolleg.de\/en\/author\/nicolay-fischbach\/"}]}},"_links":{"self":[{"href":"https:\/\/www.historischeskolleg.de\/en\/wp-json\/wp\/v2\/posts\/12469","targetHints":{"allow":["GET"]}}],"collection":[{"href":"https:\/\/www.historischeskolleg.de\/en\/wp-json\/wp\/v2\/posts"}],"about":[{"href":"https:\/\/www.historischeskolleg.de\/en\/wp-json\/wp\/v2\/types\/post"}],"author":[{"embeddable":true,"href":"https:\/\/www.historischeskolleg.de\/en\/wp-json\/wp\/v2\/users\/12"}],"replies":[{"embeddable":true,"href":"https:\/\/www.historischeskolleg.de\/en\/wp-json\/wp\/v2\/comments?post=12469"}],"version-history":[{"count":10,"href":"https:\/\/www.historischeskolleg.de\/en\/wp-json\/wp\/v2\/posts\/12469\/revisions"}],"predecessor-version":[{"id":12504,"href":"https:\/\/www.historischeskolleg.de\/en\/wp-json\/wp\/v2\/posts\/12469\/revisions\/12504"}],"wp:featuredmedia":[{"embeddable":true,"href":"https:\/\/www.historischeskolleg.de\/en\/wp-json\/wp\/v2\/media\/12470"}],"wp:attachment":[{"href":"https:\/\/www.historischeskolleg.de\/en\/wp-json\/wp\/v2\/media?parent=12469"}],"wp:term":[{"taxonomy":"category","embeddable":true,"href":"https:\/\/www.historischeskolleg.de\/en\/wp-json\/wp\/v2\/categories?post=12469"},{"taxonomy":"post_tag","embeddable":true,"href":"https:\/\/www.historischeskolleg.de\/en\/wp-json\/wp\/v2\/tags?post=12469"}],"curies":[{"name":"wp","href":"https:\/\/api.w.org\/{rel}","templated":true}]}}