{"id":12320,"date":"2025-07-10T15:43:05","date_gmt":"2025-07-10T13:43:05","guid":{"rendered":"https:\/\/www.historischeskolleg.de\/?p=12320"},"modified":"2025-07-10T15:45:45","modified_gmt":"2025-07-10T13:45:45","slug":"gudrun-kraemer-erhaelt-den-preis-des-historischen-kollegs-2025","status":"publish","type":"post","link":"https:\/\/www.historischeskolleg.de\/en\/unkategorisiert\/gudrun-kraemer-erhaelt-den-preis-des-historischen-kollegs-2025\/","title":{"rendered":"Gudrun Kr\u00e4mer erh\u00e4lt den Preis des Historischen Kollegs 2025"},"content":{"rendered":"\t\t<div data-elementor-type=\"wp-post\" data-elementor-id=\"12320\" class=\"elementor elementor-12320\" data-elementor-post-type=\"post\">\n\t\t\t\t\t\t<section class=\"elementor-section elementor-top-section elementor-element elementor-element-2167ed0 elementor-section-boxed elementor-section-height-default elementor-section-height-default\" data-id=\"2167ed0\" data-element_type=\"section\" data-e-type=\"section\">\n\t\t\t\t\t\t<div class=\"elementor-container elementor-column-gap-default\">\n\t\t\t\t\t<div class=\"elementor-column elementor-col-100 elementor-top-column elementor-element elementor-element-f0af977\" data-id=\"f0af977\" data-element_type=\"column\" data-e-type=\"column\">\n\t\t\t<div class=\"elementor-widget-wrap elementor-element-populated\">\n\t\t\t\t\t\t<div class=\"elementor-element elementor-element-043c189 elementor-widget elementor-widget-heading\" data-id=\"043c189\" data-element_type=\"widget\" data-e-type=\"widget\" data-widget_type=\"heading.default\">\n\t\t\t\t<div class=\"elementor-widget-container\">\n\t\t\t\t\t<h1 class=\"elementor-heading-title elementor-size-default\">Gudrun Kr\u00e4mer erh\u00e4lt den <br>Preis des Historischen Kollegs 2025<\/h1>\t\t\t\t<\/div>\n\t\t\t\t<\/div>\n\t\t\t\t<div class=\"elementor-element elementor-element-0841ff5 elementor-widget-divider--view-line elementor-widget elementor-widget-divider\" data-id=\"0841ff5\" data-element_type=\"widget\" data-e-type=\"widget\" data-widget_type=\"divider.default\">\n\t\t\t\t<div class=\"elementor-widget-container\">\n\t\t\t\t\t\t\t<div class=\"elementor-divider\">\n\t\t\t<span class=\"elementor-divider-separator\">\n\t\t\t\t\t\t<\/span>\n\t\t<\/div>\n\t\t\t\t\t\t<\/div>\n\t\t\t\t<\/div>\n\t\t\t\t<div class=\"elementor-element elementor-element-57a2ba2 elementor-align-center elementor-widget elementor-widget-post-info\" data-id=\"57a2ba2\" data-element_type=\"widget\" data-e-type=\"widget\" data-widget_type=\"post-info.default\">\n\t\t\t\t<div class=\"elementor-widget-container\">\n\t\t\t\t\t\t\t<ul class=\"elementor-inline-items elementor-icon-list-items elementor-post-info\">\n\t\t\t\t\t\t\t\t<li class=\"elementor-icon-list-item elementor-repeater-item-0fbf284 elementor-inline-item\">\n\t\t\t\t\t\t\t\t\t\t<span class=\"elementor-icon-list-icon\">\n\t\t\t\t\t\t\t\t<i aria-hidden=\"true\" class=\"far fa-user\"><\/i>\t\t\t\t\t\t\t<\/span>\n\t\t\t\t\t\t\t\t\t<span class=\"elementor-icon-list-text elementor-post-info__item elementor-post-info__item--type-custom\">\n\t\t\t\t\t\t\t\t\t\tHistorisches Kolleg\t\t\t\t\t<\/span>\n\t\t\t\t\t\t\t\t<\/li>\n\t\t\t\t<li class=\"elementor-icon-list-item elementor-repeater-item-3c137b9 elementor-inline-item\" itemprop=\"datePublished\">\n\t\t\t\t\t\t\t\t\t\t<span class=\"elementor-icon-list-icon\">\n\t\t\t\t\t\t\t\t<i aria-hidden=\"true\" class=\"far fa-calendar-alt\"><\/i>\t\t\t\t\t\t\t<\/span>\n\t\t\t\t\t\t\t\t\t<span class=\"elementor-icon-list-text elementor-post-info__item elementor-post-info__item--type-date\">\n\t\t\t\t\t\t\t\t\t\t<time>10.07.2025<\/time>\t\t\t\t\t<\/span>\n\t\t\t\t\t\t\t\t<\/li>\n\t\t\t\t<\/ul>\n\t\t\t\t\t\t<\/div>\n\t\t\t\t<\/div>\n\t\t\t\t<div class=\"elementor-element elementor-element-914ffff elementor-widget-divider--view-line elementor-widget elementor-widget-divider\" data-id=\"914ffff\" data-element_type=\"widget\" data-e-type=\"widget\" data-widget_type=\"divider.default\">\n\t\t\t\t<div class=\"elementor-widget-container\">\n\t\t\t\t\t\t\t<div class=\"elementor-divider\">\n\t\t\t<span class=\"elementor-divider-separator\">\n\t\t\t\t\t\t<\/span>\n\t\t<\/div>\n\t\t\t\t\t\t<\/div>\n\t\t\t\t<\/div>\n\t\t\t\t\t<\/div>\n\t\t<\/div>\n\t\t\t\t\t<\/div>\n\t\t<\/section>\n\t\t\t\t<section class=\"elementor-section elementor-top-section elementor-element elementor-element-23f19bf elementor-section-boxed elementor-section-height-default elementor-section-height-default\" data-id=\"23f19bf\" data-element_type=\"section\" data-e-type=\"section\">\n\t\t\t\t\t\t<div class=\"elementor-container elementor-column-gap-default\">\n\t\t\t\t\t<div class=\"elementor-column elementor-col-66 elementor-top-column elementor-element elementor-element-faaa271\" data-id=\"faaa271\" data-element_type=\"column\" data-e-type=\"column\">\n\t\t\t<div class=\"elementor-widget-wrap elementor-element-populated\">\n\t\t\t\t\t\t<div class=\"elementor-element elementor-element-6d0731e elementor-widget elementor-widget-text-editor\" data-id=\"6d0731e\" data-element_type=\"widget\" data-e-type=\"widget\" data-widget_type=\"text-editor.default\">\n\t\t\t\t<div class=\"elementor-widget-container\">\n\t\t\t\t\t\t\t\t\t<p>Mit dem Preis des Historischen Kollegs wird in diesem Jahr Gudrun Kr\u00e4mer ausgezeichnet. Sie war bis 2019 Leiterin des Instituts f\u00fcr Islamwissenschaft an der Freien Universit\u00e4t Berlin (FU) und zugleich Direktorin der \u201eBerlin Graduate School Muslim Cultures and Societies\u201c. Sie erh\u00e4lt die Auszeichnung vornehmlich f\u00fcr ihr Buch <strong>\u201eDer Architekt des Islamismus. Hasan al-Banna und die Muslimbr\u00fcder. Eine Biographie\u201c <\/strong>(Historische Bibliothek der Gerda Henkel Stiftung, Verlag C.H.Beck, M\u00fcnchen 2022, 528 S.). Der zum 15. Mal verliehene Preis ist mit 30.000\u00a0Euro dotiert und hat sich als deutscher Historikerpreis etabliert. Das Preisgeld stellt heuer der Stifterverband f\u00fcr die Deutsche Wissenschaft zur Verf\u00fcgung.<\/p><p>Gudrun Kr\u00e4mer, 1953 in Marburg geboren, studierte in Heidelberg, Bonn und Sussex Geschichte, Islam- und Politikwissenschaft sowie Anglistik. Nach der Promotion (1981) war sie \u00fcber <strong>ein Jahrzehnt lang Referentin der Stiftung Wissenschaft und Politik<\/strong> und wurde nach der Habilitation in Hamburg (1994) zun\u00e4chst nach Bonn und <strong>1996 an die Freie Universit\u00e4t Berlin berufen<\/strong>. Sie ist Mitglied der Berlin-Brandenburgischen Akademie der Wissenschaften. <strong>2010<\/strong> wurde Frau Kr\u00e4mer bereits mit dem <strong>Gerda Henkel Preis<\/strong> ausgezeichnet. 2024 wurde sie zu einer Thyssen Lecture am Deutschen Historischen Institut London eingeladen. Aus ihrem enorm breiten Oeuvre seien pars pro toto ihre in sechster Auflage vorliegende \u201eGeschichte Pal\u00e4stinas\u201c (2015) oder Band 9 der Neuen Fischer Weltgeschichte \u201eDer Vordere Orient und Nordafrika ab 1500\u201c (2016) genannt. Kr\u00e4mers \u00f6ffentliche Interventionen bereichern die Diskussionen in Deutschland, gerade weil sie auch Debatten ausgel\u00f6st und Kritik auf sich gezogen haben.<\/p><p>Kr\u00e4mer ist international hochangesehen. Ihre B\u00fccher wurden in mehrere Sprachen \u00fcbersetzt; sie arbeitet an internationalen Projekten mit. Ein wichtiges Anliegen ist ihr seit ihrer Promotion die enge Zusammenarbeit sowohl mit arabischen als auch mit israelischen Wissenschaftlerinnen und Wissenschaftlern wie auch Institutionen.<\/p><p>In ihrem preisgekr\u00f6nten Buch widmet Kr\u00e4mer sich der <strong>Biographie von Hasan al-Banna (1906-1949)<\/strong>, Grundschullehrer f\u00fcr Arabisch und Gr\u00fcnder der \u00e4gyptischen Muslimbruderschaft, einem zentralen Vordenker und Aktivisten des Islamismus. F\u00fcr al-Banna, so die Preistr\u00e4gerin, befand sich \u00c4gypten \u2013 konfrontiert mit Kolonialismus, christlicher Mission und Verwestlichung \u2013 kulturell, moralisch und politisch in der Krise. Diese Krise hoffte er mit Hilfe eines rundum erneuerten, \u201ezeitgen\u00f6ssischen\u201c Islam zu \u00fcberwinden, der sich sowohl aus der islamischen Tradition als auch aus zeitgen\u00f6ssischen Impulsen speiste und alle Bereiche des \u00f6ffentlichen und privaten Lebens durchdringen sollte. Der 1928 gegr\u00fcndete Wohlt\u00e4tigkeitsverein entwickelte sich z\u00fcgig zu einer Massenorganisation von eigener, keineswegs unproblematischer Dynamik, die unter Berufung auf den Islam Politik machte. 1948 wurde sie verboten, 1949 wurde al-Banna im Zuge der Konfrontation mit dem \u00e4gyptischen Staat Opfer eines Anschlags.<\/p><p>Auf der Basis minuti\u00f6ser Arbeit mit arabischen Quellen gelingt es Kr\u00e4mer in ausgewogener Weise, die Bedeutung der biographischen Erfahrungen al-Bannas f\u00fcr Ideologie und Organisation der Muslimbruderschaft herauszuarbeiten und \u00fcberdies facettenreich die Alltags- und Sozialgeschichte der Region zu beleuchten. Damit tr\u00e4gt die Preistr\u00e4gerin ganz wesentlich dazu bei, <strong>Entstehung und Entwicklung des Islamismus<\/strong>, einer der umstrittensten Bewegungen der Gegenwart, als historisches Ph\u00e4nomen differenziert zu beschreiben. Dies ist der Beitrag, den Geschichtswissenschaft im Kontext aktueller Konflikte und Diskussionen mit ihren Werken leisten kann. Daf\u00fcr ist Gudrun Kr\u00e4mers Opus magnum ein herausragendes Beispiel.<\/p><p>Mit dem Preis des Historischen Kollegs wurden seit 1983 der Althistoriker Alfred Heu\u00df, die Medi\u00e4visten Arno Borst und Johannes Fried, die Neuzeithistoriker Reinhart Koselleck, Thomas Nipperdey und Wolfgang Reinhard sowie der \u00c4gyptologe und Kulturhistoriker Jan Assmann und der Wirtschafts- und Sozialhistoriker Michael Mitterauer ausgezeichnet. Zuletzt erhielten den Historikerpreis Gerhard A. Ritter (2007) und Christopher Clark (2010), Barbara Stollberg-Rilinger (2013), Karl Schl\u00f6gel (2016), Ulinka Rublack (2019) und der Zeithistoriker Michael Wildt (2022).<\/p><p>Die<strong> Verleihung des Preises<\/strong> durch den Kuratoriumsvorsitzenden, Hartmut Leppin, den Bayerischen Staatsminister f\u00fcr Wissenschaft und Kunst, Markus Blume, und den Pr\u00e4sidenten des Stifterverbandes, Michael Kaschke, findet am Montag, <strong>10.\u00a0November\u00a02025<\/strong>, im Rahmen einer Festveranstaltung im Plenarsaal der Bayerischen Akademie der Wissenschaften in M\u00fcnchen statt.<\/p><p><strong>Kontakt:<\/strong><\/p><p>Dr. Karl-Ulrich Gelberg<\/p><p>Tel. 089\/23031-1151<\/p><p><a href=\"mailto:karl-ulrich.gelberg@historischeskolleg.de\">karl-ulrich.gelberg@historischeskolleg.de<\/a><\/p><p>Dokumentationen aller bisherigen Preisverleihungen k\u00f6nnen <a href=\"https:\/\/www.historischeskolleg.de\/historikerpreis\" target=\"_blank\" rel=\"noopener\">hier<\/a> abgerufen werden.<\/p>\t\t\t\t\t\t\t\t<\/div>\n\t\t\t\t<\/div>\n\t\t\t\t\t<\/div>\n\t\t<\/div>\n\t\t\t\t<div class=\"elementor-column elementor-col-33 elementor-top-column elementor-element elementor-element-d4cbaf6\" data-id=\"d4cbaf6\" data-element_type=\"column\" data-e-type=\"column\">\n\t\t\t<div class=\"elementor-widget-wrap elementor-element-populated\">\n\t\t\t\t\t\t<div class=\"elementor-element elementor-element-704e058 elementor-widget elementor-widget-image\" data-id=\"704e058\" data-element_type=\"widget\" data-e-type=\"widget\" data-widget_type=\"image.default\">\n\t\t\t\t<div class=\"elementor-widget-container\">\n\t\t\t\t\t\t\t\t\t\t\t\t<figure class=\"wp-caption\">\n\t\t\t\t\t\t\t\t\t\t<img fetchpriority=\"high\" decoding=\"async\" width=\"640\" height=\"960\" src=\"https:\/\/www.historischeskolleg.de\/app\/uploads\/2025\/07\/Gudrun-Kraemer_imago0082721816h-683x1024.jpg\" class=\"attachment-large size-large wp-image-12322\" alt=\"\" srcset=\"https:\/\/www.historischeskolleg.de\/app\/uploads\/2025\/07\/Gudrun-Kraemer_imago0082721816h-683x1024.jpg 683w, https:\/\/www.historischeskolleg.de\/app\/uploads\/2025\/07\/Gudrun-Kraemer_imago0082721816h-200x300.jpg 200w, https:\/\/www.historischeskolleg.de\/app\/uploads\/2025\/07\/Gudrun-Kraemer_imago0082721816h-768x1152.jpg 768w, https:\/\/www.historischeskolleg.de\/app\/uploads\/2025\/07\/Gudrun-Kraemer_imago0082721816h-1024x1536.jpg 1024w, https:\/\/www.historischeskolleg.de\/app\/uploads\/2025\/07\/Gudrun-Kraemer_imago0082721816h-1366x2048.jpg 1366w, https:\/\/www.historischeskolleg.de\/app\/uploads\/2025\/07\/Gudrun-Kraemer_imago0082721816h.jpg 1707w\" sizes=\"(max-width: 640px) 100vw, 640px\" \/>\t\t\t\t\t\t\t\t\t\t\t<figcaption class=\"widget-image-caption wp-caption-text\">Professor Dr. Gudrun Kr\u00e4mer <\/figcaption>\n\t\t\t\t\t\t\t\t\t\t<\/figure>\n\t\t\t\t\t\t\t\t\t<\/div>\n\t\t\t\t<\/div>\n\t\t\t\t\t<\/div>\n\t\t<\/div>\n\t\t\t\t\t<\/div>\n\t\t<\/section>\n\t\t\t\t<\/div>\n\t\t","protected":false},"excerpt":{"rendered":"","protected":false},"author":12,"featured_media":6210,"comment_status":"closed","ping_status":"closed","sticky":false,"template":"","format":"standard","meta":{"footnotes":""},"categories":[1],"tags":[],"class_list":["post-12320","post","type-post","status-publish","format-standard","has-post-thumbnail","hentry","category-unkategorisiert"],"acf":[],"yoast_head":"<!-- This site is optimized with the Yoast SEO plugin v27.3 - https:\/\/yoast.com\/product\/yoast-seo-wordpress\/ -->\n<title>Gudrun Kr\u00e4mer erh\u00e4lt den Preis des Historischen Kollegs 2025 - Historisches Kolleg<\/title>\n<meta name=\"robots\" content=\"index, follow, max-snippet:-1, max-image-preview:large, max-video-preview:-1\" \/>\n<link rel=\"canonical\" href=\"https:\/\/www.historischeskolleg.de\/en\/unkategorisiert\/gudrun-kraemer-erhaelt-den-preis-des-historischen-kollegs-2025\/\" \/>\n<meta property=\"og:locale\" content=\"en_US\" \/>\n<meta property=\"og:type\" content=\"article\" \/>\n<meta property=\"og:title\" content=\"Gudrun Kr\u00e4mer erh\u00e4lt den Preis des Historischen Kollegs 2025 - Historisches Kolleg\" \/>\n<meta property=\"og:url\" content=\"https:\/\/www.historischeskolleg.de\/en\/unkategorisiert\/gudrun-kraemer-erhaelt-den-preis-des-historischen-kollegs-2025\/\" \/>\n<meta property=\"og:site_name\" content=\"Historisches Kolleg\" \/>\n<meta property=\"article:published_time\" content=\"2025-07-10T13:43:05+00:00\" \/>\n<meta property=\"article:modified_time\" content=\"2025-07-10T13:45:45+00:00\" \/>\n<meta property=\"og:image\" content=\"https:\/\/www.historischeskolleg.de\/app\/uploads\/2022\/06\/Frau_Loggia.jpg\" \/>\n\t<meta property=\"og:image:width\" content=\"1522\" \/>\n\t<meta property=\"og:image:height\" content=\"1263\" \/>\n\t<meta property=\"og:image:type\" content=\"image\/jpeg\" \/>\n<meta name=\"author\" content=\"Franziska Nicolay-Fischbach\" \/>\n<meta name=\"twitter:card\" content=\"summary_large_image\" \/>\n<meta name=\"twitter:label1\" content=\"Written by\" \/>\n\t<meta name=\"twitter:data1\" content=\"Franziska Nicolay-Fischbach\" \/>\n\t<meta name=\"twitter:label2\" content=\"Est. reading time\" \/>\n\t<meta name=\"twitter:data2\" content=\"4 minutes\" \/>\n<script type=\"application\/ld+json\" class=\"yoast-schema-graph\">{\"@context\":\"https:\\\/\\\/schema.org\",\"@graph\":[{\"@type\":\"Article\",\"@id\":\"https:\\\/\\\/www.historischeskolleg.de\\\/en\\\/unkategorisiert\\\/gudrun-kraemer-erhaelt-den-preis-des-historischen-kollegs-2025\\\/#article\",\"isPartOf\":{\"@id\":\"https:\\\/\\\/www.historischeskolleg.de\\\/en\\\/unkategorisiert\\\/gudrun-kraemer-erhaelt-den-preis-des-historischen-kollegs-2025\\\/\"},\"author\":{\"name\":\"Franziska Nicolay-Fischbach\",\"@id\":\"https:\\\/\\\/www.historischeskolleg.de\\\/en\\\/#\\\/schema\\\/person\\\/835c250bdd6f8ae1f2c9cec7a4814787\"},\"headline\":\"Gudrun Kr\u00e4mer erh\u00e4lt den Preis des Historischen Kollegs 2025\",\"datePublished\":\"2025-07-10T13:43:05+00:00\",\"dateModified\":\"2025-07-10T13:45:45+00:00\",\"mainEntityOfPage\":{\"@id\":\"https:\\\/\\\/www.historischeskolleg.de\\\/en\\\/unkategorisiert\\\/gudrun-kraemer-erhaelt-den-preis-des-historischen-kollegs-2025\\\/\"},\"wordCount\":672,\"publisher\":{\"@id\":\"https:\\\/\\\/www.historischeskolleg.de\\\/en\\\/#organization\"},\"image\":{\"@id\":\"https:\\\/\\\/www.historischeskolleg.de\\\/en\\\/unkategorisiert\\\/gudrun-kraemer-erhaelt-den-preis-des-historischen-kollegs-2025\\\/#primaryimage\"},\"thumbnailUrl\":\"https:\\\/\\\/www.historischeskolleg.de\\\/app\\\/uploads\\\/2022\\\/06\\\/Frau_Loggia.jpg\",\"articleSection\":[\"Unkategorisiert\"],\"inLanguage\":\"en-US\"},{\"@type\":\"WebPage\",\"@id\":\"https:\\\/\\\/www.historischeskolleg.de\\\/en\\\/unkategorisiert\\\/gudrun-kraemer-erhaelt-den-preis-des-historischen-kollegs-2025\\\/\",\"url\":\"https:\\\/\\\/www.historischeskolleg.de\\\/en\\\/unkategorisiert\\\/gudrun-kraemer-erhaelt-den-preis-des-historischen-kollegs-2025\\\/\",\"name\":\"Gudrun Kr\u00e4mer erh\u00e4lt den Preis des Historischen Kollegs 2025 - Historisches Kolleg\",\"isPartOf\":{\"@id\":\"https:\\\/\\\/www.historischeskolleg.de\\\/en\\\/#website\"},\"primaryImageOfPage\":{\"@id\":\"https:\\\/\\\/www.historischeskolleg.de\\\/en\\\/unkategorisiert\\\/gudrun-kraemer-erhaelt-den-preis-des-historischen-kollegs-2025\\\/#primaryimage\"},\"image\":{\"@id\":\"https:\\\/\\\/www.historischeskolleg.de\\\/en\\\/unkategorisiert\\\/gudrun-kraemer-erhaelt-den-preis-des-historischen-kollegs-2025\\\/#primaryimage\"},\"thumbnailUrl\":\"https:\\\/\\\/www.historischeskolleg.de\\\/app\\\/uploads\\\/2022\\\/06\\\/Frau_Loggia.jpg\",\"datePublished\":\"2025-07-10T13:43:05+00:00\",\"dateModified\":\"2025-07-10T13:45:45+00:00\",\"breadcrumb\":{\"@id\":\"https:\\\/\\\/www.historischeskolleg.de\\\/en\\\/unkategorisiert\\\/gudrun-kraemer-erhaelt-den-preis-des-historischen-kollegs-2025\\\/#breadcrumb\"},\"inLanguage\":\"en-US\",\"potentialAction\":[{\"@type\":\"ReadAction\",\"target\":[\"https:\\\/\\\/www.historischeskolleg.de\\\/en\\\/unkategorisiert\\\/gudrun-kraemer-erhaelt-den-preis-des-historischen-kollegs-2025\\\/\"]}]},{\"@type\":\"ImageObject\",\"inLanguage\":\"en-US\",\"@id\":\"https:\\\/\\\/www.historischeskolleg.de\\\/en\\\/unkategorisiert\\\/gudrun-kraemer-erhaelt-den-preis-des-historischen-kollegs-2025\\\/#primaryimage\",\"url\":\"https:\\\/\\\/www.historischeskolleg.de\\\/app\\\/uploads\\\/2022\\\/06\\\/Frau_Loggia.jpg\",\"contentUrl\":\"https:\\\/\\\/www.historischeskolleg.de\\\/app\\\/uploads\\\/2022\\\/06\\\/Frau_Loggia.jpg\",\"width\":1522,\"height\":1263},{\"@type\":\"BreadcrumbList\",\"@id\":\"https:\\\/\\\/www.historischeskolleg.de\\\/en\\\/unkategorisiert\\\/gudrun-kraemer-erhaelt-den-preis-des-historischen-kollegs-2025\\\/#breadcrumb\",\"itemListElement\":[{\"@type\":\"ListItem\",\"position\":1,\"name\":\"Home\",\"item\":\"https:\\\/\\\/www.historischeskolleg.de\\\/en\\\/\"},{\"@type\":\"ListItem\",\"position\":2,\"name\":\"Gudrun Kr\u00e4mer erh\u00e4lt den Preis des Historischen Kollegs 2025\"}]},{\"@type\":\"WebSite\",\"@id\":\"https:\\\/\\\/www.historischeskolleg.de\\\/en\\\/#website\",\"url\":\"https:\\\/\\\/www.historischeskolleg.de\\\/en\\\/\",\"name\":\"Historisches Kolleg\",\"description\":\"Institute for Advanced Study in History\",\"publisher\":{\"@id\":\"https:\\\/\\\/www.historischeskolleg.de\\\/en\\\/#organization\"},\"potentialAction\":[{\"@type\":\"SearchAction\",\"target\":{\"@type\":\"EntryPoint\",\"urlTemplate\":\"https:\\\/\\\/www.historischeskolleg.de\\\/en\\\/?s={search_term_string}\"},\"query-input\":{\"@type\":\"PropertyValueSpecification\",\"valueRequired\":true,\"valueName\":\"search_term_string\"}}],\"inLanguage\":\"en-US\"},{\"@type\":\"Organization\",\"@id\":\"https:\\\/\\\/www.historischeskolleg.de\\\/en\\\/#organization\",\"name\":\"Historisches Kolleg\",\"url\":\"https:\\\/\\\/www.historischeskolleg.de\\\/en\\\/\",\"logo\":{\"@type\":\"ImageObject\",\"inLanguage\":\"en-US\",\"@id\":\"https:\\\/\\\/www.historischeskolleg.de\\\/en\\\/#\\\/schema\\\/logo\\\/image\\\/\",\"url\":\"https:\\\/\\\/www.historischeskolleg.de\\\/app\\\/uploads\\\/2021\\\/07\\\/cropped-HK_Logo_quer_blau_mitZusatz_transparent.png\",\"contentUrl\":\"https:\\\/\\\/www.historischeskolleg.de\\\/app\\\/uploads\\\/2021\\\/07\\\/cropped-HK_Logo_quer_blau_mitZusatz_transparent.png\",\"width\":1300,\"height\":296,\"caption\":\"Historisches Kolleg\"},\"image\":{\"@id\":\"https:\\\/\\\/www.historischeskolleg.de\\\/en\\\/#\\\/schema\\\/logo\\\/image\\\/\"}},{\"@type\":\"Person\",\"@id\":\"https:\\\/\\\/www.historischeskolleg.de\\\/en\\\/#\\\/schema\\\/person\\\/835c250bdd6f8ae1f2c9cec7a4814787\",\"name\":\"Franziska Nicolay-Fischbach\",\"image\":{\"@type\":\"ImageObject\",\"inLanguage\":\"en-US\",\"@id\":\"https:\\\/\\\/secure.gravatar.com\\\/avatar\\\/4b4d62eac528442ab55d774cbf864a95737752ed746cc8626ada4a4926f0d2d3?s=96&d=mm&r=g\",\"url\":\"https:\\\/\\\/secure.gravatar.com\\\/avatar\\\/4b4d62eac528442ab55d774cbf864a95737752ed746cc8626ada4a4926f0d2d3?s=96&d=mm&r=g\",\"contentUrl\":\"https:\\\/\\\/secure.gravatar.com\\\/avatar\\\/4b4d62eac528442ab55d774cbf864a95737752ed746cc8626ada4a4926f0d2d3?s=96&d=mm&r=g\",\"caption\":\"Franziska Nicolay-Fischbach\"},\"url\":\"https:\\\/\\\/www.historischeskolleg.de\\\/en\\\/author\\\/nicolay-fischbach\\\/\"}]}<\/script>\n<!-- \/ Yoast SEO plugin. -->","yoast_head_json":{"title":"Gudrun Kr\u00e4mer erh\u00e4lt den Preis des Historischen Kollegs 2025 - Historisches Kolleg","robots":{"index":"index","follow":"follow","max-snippet":"max-snippet:-1","max-image-preview":"max-image-preview:large","max-video-preview":"max-video-preview:-1"},"canonical":"https:\/\/www.historischeskolleg.de\/en\/unkategorisiert\/gudrun-kraemer-erhaelt-den-preis-des-historischen-kollegs-2025\/","og_locale":"en_US","og_type":"article","og_title":"Gudrun Kr\u00e4mer erh\u00e4lt den Preis des Historischen Kollegs 2025 - Historisches Kolleg","og_url":"https:\/\/www.historischeskolleg.de\/en\/unkategorisiert\/gudrun-kraemer-erhaelt-den-preis-des-historischen-kollegs-2025\/","og_site_name":"Historisches Kolleg","article_published_time":"2025-07-10T13:43:05+00:00","article_modified_time":"2025-07-10T13:45:45+00:00","og_image":[{"width":1522,"height":1263,"url":"https:\/\/www.historischeskolleg.de\/app\/uploads\/2022\/06\/Frau_Loggia.jpg","type":"image\/jpeg"}],"author":"Franziska Nicolay-Fischbach","twitter_card":"summary_large_image","twitter_misc":{"Written by":"Franziska Nicolay-Fischbach","Est. reading time":"4 minutes"},"schema":{"@context":"https:\/\/schema.org","@graph":[{"@type":"Article","@id":"https:\/\/www.historischeskolleg.de\/en\/unkategorisiert\/gudrun-kraemer-erhaelt-den-preis-des-historischen-kollegs-2025\/#article","isPartOf":{"@id":"https:\/\/www.historischeskolleg.de\/en\/unkategorisiert\/gudrun-kraemer-erhaelt-den-preis-des-historischen-kollegs-2025\/"},"author":{"name":"Franziska Nicolay-Fischbach","@id":"https:\/\/www.historischeskolleg.de\/en\/#\/schema\/person\/835c250bdd6f8ae1f2c9cec7a4814787"},"headline":"Gudrun Kr\u00e4mer erh\u00e4lt den Preis des Historischen Kollegs 2025","datePublished":"2025-07-10T13:43:05+00:00","dateModified":"2025-07-10T13:45:45+00:00","mainEntityOfPage":{"@id":"https:\/\/www.historischeskolleg.de\/en\/unkategorisiert\/gudrun-kraemer-erhaelt-den-preis-des-historischen-kollegs-2025\/"},"wordCount":672,"publisher":{"@id":"https:\/\/www.historischeskolleg.de\/en\/#organization"},"image":{"@id":"https:\/\/www.historischeskolleg.de\/en\/unkategorisiert\/gudrun-kraemer-erhaelt-den-preis-des-historischen-kollegs-2025\/#primaryimage"},"thumbnailUrl":"https:\/\/www.historischeskolleg.de\/app\/uploads\/2022\/06\/Frau_Loggia.jpg","articleSection":["Unkategorisiert"],"inLanguage":"en-US"},{"@type":"WebPage","@id":"https:\/\/www.historischeskolleg.de\/en\/unkategorisiert\/gudrun-kraemer-erhaelt-den-preis-des-historischen-kollegs-2025\/","url":"https:\/\/www.historischeskolleg.de\/en\/unkategorisiert\/gudrun-kraemer-erhaelt-den-preis-des-historischen-kollegs-2025\/","name":"Gudrun Kr\u00e4mer erh\u00e4lt den Preis des Historischen Kollegs 2025 - Historisches Kolleg","isPartOf":{"@id":"https:\/\/www.historischeskolleg.de\/en\/#website"},"primaryImageOfPage":{"@id":"https:\/\/www.historischeskolleg.de\/en\/unkategorisiert\/gudrun-kraemer-erhaelt-den-preis-des-historischen-kollegs-2025\/#primaryimage"},"image":{"@id":"https:\/\/www.historischeskolleg.de\/en\/unkategorisiert\/gudrun-kraemer-erhaelt-den-preis-des-historischen-kollegs-2025\/#primaryimage"},"thumbnailUrl":"https:\/\/www.historischeskolleg.de\/app\/uploads\/2022\/06\/Frau_Loggia.jpg","datePublished":"2025-07-10T13:43:05+00:00","dateModified":"2025-07-10T13:45:45+00:00","breadcrumb":{"@id":"https:\/\/www.historischeskolleg.de\/en\/unkategorisiert\/gudrun-kraemer-erhaelt-den-preis-des-historischen-kollegs-2025\/#breadcrumb"},"inLanguage":"en-US","potentialAction":[{"@type":"ReadAction","target":["https:\/\/www.historischeskolleg.de\/en\/unkategorisiert\/gudrun-kraemer-erhaelt-den-preis-des-historischen-kollegs-2025\/"]}]},{"@type":"ImageObject","inLanguage":"en-US","@id":"https:\/\/www.historischeskolleg.de\/en\/unkategorisiert\/gudrun-kraemer-erhaelt-den-preis-des-historischen-kollegs-2025\/#primaryimage","url":"https:\/\/www.historischeskolleg.de\/app\/uploads\/2022\/06\/Frau_Loggia.jpg","contentUrl":"https:\/\/www.historischeskolleg.de\/app\/uploads\/2022\/06\/Frau_Loggia.jpg","width":1522,"height":1263},{"@type":"BreadcrumbList","@id":"https:\/\/www.historischeskolleg.de\/en\/unkategorisiert\/gudrun-kraemer-erhaelt-den-preis-des-historischen-kollegs-2025\/#breadcrumb","itemListElement":[{"@type":"ListItem","position":1,"name":"Home","item":"https:\/\/www.historischeskolleg.de\/en\/"},{"@type":"ListItem","position":2,"name":"Gudrun Kr\u00e4mer erh\u00e4lt den Preis des Historischen Kollegs 2025"}]},{"@type":"WebSite","@id":"https:\/\/www.historischeskolleg.de\/en\/#website","url":"https:\/\/www.historischeskolleg.de\/en\/","name":"Historisches Kolleg","description":"Institute for Advanced Study in History","publisher":{"@id":"https:\/\/www.historischeskolleg.de\/en\/#organization"},"potentialAction":[{"@type":"SearchAction","target":{"@type":"EntryPoint","urlTemplate":"https:\/\/www.historischeskolleg.de\/en\/?s={search_term_string}"},"query-input":{"@type":"PropertyValueSpecification","valueRequired":true,"valueName":"search_term_string"}}],"inLanguage":"en-US"},{"@type":"Organization","@id":"https:\/\/www.historischeskolleg.de\/en\/#organization","name":"Historisches Kolleg","url":"https:\/\/www.historischeskolleg.de\/en\/","logo":{"@type":"ImageObject","inLanguage":"en-US","@id":"https:\/\/www.historischeskolleg.de\/en\/#\/schema\/logo\/image\/","url":"https:\/\/www.historischeskolleg.de\/app\/uploads\/2021\/07\/cropped-HK_Logo_quer_blau_mitZusatz_transparent.png","contentUrl":"https:\/\/www.historischeskolleg.de\/app\/uploads\/2021\/07\/cropped-HK_Logo_quer_blau_mitZusatz_transparent.png","width":1300,"height":296,"caption":"Historisches Kolleg"},"image":{"@id":"https:\/\/www.historischeskolleg.de\/en\/#\/schema\/logo\/image\/"}},{"@type":"Person","@id":"https:\/\/www.historischeskolleg.de\/en\/#\/schema\/person\/835c250bdd6f8ae1f2c9cec7a4814787","name":"Franziska Nicolay-Fischbach","image":{"@type":"ImageObject","inLanguage":"en-US","@id":"https:\/\/secure.gravatar.com\/avatar\/4b4d62eac528442ab55d774cbf864a95737752ed746cc8626ada4a4926f0d2d3?s=96&d=mm&r=g","url":"https:\/\/secure.gravatar.com\/avatar\/4b4d62eac528442ab55d774cbf864a95737752ed746cc8626ada4a4926f0d2d3?s=96&d=mm&r=g","contentUrl":"https:\/\/secure.gravatar.com\/avatar\/4b4d62eac528442ab55d774cbf864a95737752ed746cc8626ada4a4926f0d2d3?s=96&d=mm&r=g","caption":"Franziska Nicolay-Fischbach"},"url":"https:\/\/www.historischeskolleg.de\/en\/author\/nicolay-fischbach\/"}]}},"_links":{"self":[{"href":"https:\/\/www.historischeskolleg.de\/en\/wp-json\/wp\/v2\/posts\/12320","targetHints":{"allow":["GET"]}}],"collection":[{"href":"https:\/\/www.historischeskolleg.de\/en\/wp-json\/wp\/v2\/posts"}],"about":[{"href":"https:\/\/www.historischeskolleg.de\/en\/wp-json\/wp\/v2\/types\/post"}],"author":[{"embeddable":true,"href":"https:\/\/www.historischeskolleg.de\/en\/wp-json\/wp\/v2\/users\/12"}],"replies":[{"embeddable":true,"href":"https:\/\/www.historischeskolleg.de\/en\/wp-json\/wp\/v2\/comments?post=12320"}],"version-history":[{"count":8,"href":"https:\/\/www.historischeskolleg.de\/en\/wp-json\/wp\/v2\/posts\/12320\/revisions"}],"predecessor-version":[{"id":12330,"href":"https:\/\/www.historischeskolleg.de\/en\/wp-json\/wp\/v2\/posts\/12320\/revisions\/12330"}],"wp:featuredmedia":[{"embeddable":true,"href":"https:\/\/www.historischeskolleg.de\/en\/wp-json\/wp\/v2\/media\/6210"}],"wp:attachment":[{"href":"https:\/\/www.historischeskolleg.de\/en\/wp-json\/wp\/v2\/media?parent=12320"}],"wp:term":[{"taxonomy":"category","embeddable":true,"href":"https:\/\/www.historischeskolleg.de\/en\/wp-json\/wp\/v2\/categories?post=12320"},{"taxonomy":"post_tag","embeddable":true,"href":"https:\/\/www.historischeskolleg.de\/en\/wp-json\/wp\/v2\/tags?post=12320"}],"curies":[{"name":"wp","href":"https:\/\/api.w.org\/{rel}","templated":true}]}}