{"id":10533,"date":"2023-12-20T10:27:39","date_gmt":"2023-12-20T09:27:39","guid":{"rendered":"https:\/\/www.historischeskolleg.de\/?p=10533"},"modified":"2024-02-01T09:41:15","modified_gmt":"2024-02-01T08:41:15","slug":"fellowships-fuer-das-kollegjahr-2025-2026-ausgeschrieben","status":"publish","type":"post","link":"https:\/\/www.historischeskolleg.de\/en\/unkategorisiert\/fellowships-fuer-das-kollegjahr-2025-2026-ausgeschrieben\/","title":{"rendered":"Fellowships f\u00fcr das Kollegjahr 2025\/2026 ausgeschrieben"},"content":{"rendered":"\t\t<div data-elementor-type=\"wp-post\" data-elementor-id=\"10533\" class=\"elementor elementor-10533\" data-elementor-post-type=\"post\">\n\t\t\t\t\t\t<section class=\"elementor-section elementor-top-section elementor-element elementor-element-2167ed0 elementor-section-boxed elementor-section-height-default elementor-section-height-default\" data-id=\"2167ed0\" data-element_type=\"section\" data-e-type=\"section\">\n\t\t\t\t\t\t<div class=\"elementor-container elementor-column-gap-default\">\n\t\t\t\t\t<div class=\"elementor-column elementor-col-100 elementor-top-column elementor-element elementor-element-f0af977\" data-id=\"f0af977\" data-element_type=\"column\" data-e-type=\"column\">\n\t\t\t<div class=\"elementor-widget-wrap elementor-element-populated\">\n\t\t\t\t\t\t<div class=\"elementor-element elementor-element-043c189 elementor-widget elementor-widget-heading\" data-id=\"043c189\" data-element_type=\"widget\" data-e-type=\"widget\" data-widget_type=\"heading.default\">\n\t\t\t\t<div class=\"elementor-widget-container\">\n\t\t\t\t\t<h1 class=\"elementor-heading-title elementor-size-default\">Fellowships f\u00fcr das Kollegjahr 2025\/2026 ausgeschrieben<\/h1>\t\t\t\t<\/div>\n\t\t\t\t<\/div>\n\t\t\t\t<div class=\"elementor-element elementor-element-0841ff5 elementor-widget-divider--view-line elementor-widget elementor-widget-divider\" data-id=\"0841ff5\" data-element_type=\"widget\" data-e-type=\"widget\" data-widget_type=\"divider.default\">\n\t\t\t\t<div class=\"elementor-widget-container\">\n\t\t\t\t\t\t\t<div class=\"elementor-divider\">\n\t\t\t<span class=\"elementor-divider-separator\">\n\t\t\t\t\t\t<\/span>\n\t\t<\/div>\n\t\t\t\t\t\t<\/div>\n\t\t\t\t<\/div>\n\t\t\t\t<div class=\"elementor-element elementor-element-57a2ba2 elementor-align-center elementor-widget elementor-widget-post-info\" data-id=\"57a2ba2\" data-element_type=\"widget\" data-e-type=\"widget\" data-widget_type=\"post-info.default\">\n\t\t\t\t<div class=\"elementor-widget-container\">\n\t\t\t\t\t\t\t<ul class=\"elementor-inline-items elementor-icon-list-items elementor-post-info\">\n\t\t\t\t\t\t\t\t<li class=\"elementor-icon-list-item elementor-repeater-item-0fbf284 elementor-inline-item\">\n\t\t\t\t\t\t\t\t\t\t<span class=\"elementor-icon-list-icon\">\n\t\t\t\t\t\t\t\t<i aria-hidden=\"true\" class=\"far fa-user\"><\/i>\t\t\t\t\t\t\t<\/span>\n\t\t\t\t\t\t\t\t\t<span class=\"elementor-icon-list-text elementor-post-info__item elementor-post-info__item--type-custom\">\n\t\t\t\t\t\t\t\t\t\tHistorisches Kolleg\t\t\t\t\t<\/span>\n\t\t\t\t\t\t\t\t<\/li>\n\t\t\t\t<li class=\"elementor-icon-list-item elementor-repeater-item-3c137b9 elementor-inline-item\" itemprop=\"datePublished\">\n\t\t\t\t\t\t\t\t\t\t<span class=\"elementor-icon-list-icon\">\n\t\t\t\t\t\t\t\t<i aria-hidden=\"true\" class=\"far fa-calendar-alt\"><\/i>\t\t\t\t\t\t\t<\/span>\n\t\t\t\t\t\t\t\t\t<span class=\"elementor-icon-list-text elementor-post-info__item elementor-post-info__item--type-date\">\n\t\t\t\t\t\t\t\t\t\t<time>20.12.2023<\/time>\t\t\t\t\t<\/span>\n\t\t\t\t\t\t\t\t<\/li>\n\t\t\t\t<\/ul>\n\t\t\t\t\t\t<\/div>\n\t\t\t\t<\/div>\n\t\t\t\t<div class=\"elementor-element elementor-element-914ffff elementor-widget-divider--view-line elementor-widget elementor-widget-divider\" data-id=\"914ffff\" data-element_type=\"widget\" data-e-type=\"widget\" data-widget_type=\"divider.default\">\n\t\t\t\t<div class=\"elementor-widget-container\">\n\t\t\t\t\t\t\t<div class=\"elementor-divider\">\n\t\t\t<span class=\"elementor-divider-separator\">\n\t\t\t\t\t\t<\/span>\n\t\t<\/div>\n\t\t\t\t\t\t<\/div>\n\t\t\t\t<\/div>\n\t\t\t\t\t<\/div>\n\t\t<\/div>\n\t\t\t\t\t<\/div>\n\t\t<\/section>\n\t\t\t\t<section class=\"elementor-section elementor-top-section elementor-element elementor-element-23f19bf elementor-section-boxed elementor-section-height-default elementor-section-height-default\" data-id=\"23f19bf\" data-element_type=\"section\" data-e-type=\"section\">\n\t\t\t\t\t\t<div class=\"elementor-container elementor-column-gap-default\">\n\t\t\t\t\t<div class=\"elementor-column elementor-col-66 elementor-top-column elementor-element elementor-element-faaa271\" data-id=\"faaa271\" data-element_type=\"column\" data-e-type=\"column\">\n\t\t\t<div class=\"elementor-widget-wrap elementor-element-populated\">\n\t\t\t\t\t\t<div class=\"elementor-element elementor-element-6d0731e elementor-widget elementor-widget-text-editor\" data-id=\"6d0731e\" data-element_type=\"widget\" data-e-type=\"widget\" data-widget_type=\"text-editor.default\">\n\t\t\t\t<div class=\"elementor-widget-container\">\n\t\t\t\t\t\t\t\t\t<p>F\u00fcr den Zeitraum vom 1. Oktober 2025 bis 30. September 2026 (46. Kollegjahr) vergibt das Historische Kolleg insgesamt bis zu sechs ganzj\u00e4hrige Advanced und Consolidator Fellowships. Ein Consolidator Fellowship, das das Historische Kolleg gemeinsam mit der Bayerischen Akademie der Wissenschaften (BAdW) ausschreibt, richtet sich erstmals an Bewerberinnen und Bewerber aus dem globalen S\u00fcden, speziell aus Afrika.\u00a0<\/p><p>Das Historische Kolleg in M\u00fcnchen ist ein Institute for Advanced Study der historisch orientierten Wissenschaften. Es gew\u00e4hrt Gelehrten durch Stipendien den Freiraum, konzentriert ein Buchprojekt abzuschlie\u00dfen. Seinen Sitz hat das Historische Kolleg in der zwischen Bayerischer Staatsbibliothek und Englischem Garten gelegenen Kaulbach-Villa. Dort k\u00f6nnen sich die Fellows \u2013 befreit von universit\u00e4rer Lehre und Verwaltungsaufgaben \u2013 ganz auf ihr wissenschaftliches Vorhaben konzentrieren. Hierbei werden sie vom Personal des Kollegs unterst\u00fctzt. W\u00e4hrend des Aufenthalts am Historischen Kolleg besteht Residenzpflicht in M\u00fcnchen. Neben den ganzj\u00e4hrigen Advanced und Consolidator Fellowships vergibt das Historische Kolleg zudem f\u00fcr k\u00fcrzere Zeitr\u00e4ume (maximal sechs Monate) mehrere Honorary Fellowships.<\/p><p><a href=\"https:\/\/www.historischeskolleg.de\/advanced-fellowships\/\" target=\"_blank\" rel=\"noopener\"><strong>Advanced Fellowship<\/strong><\/a><\/p><p>Um Advanced Fellowships k\u00f6nnen sich etablierte Wissenschaftlerinnen und Wissenschaftler aller historisch orientierten F\u00e4cher bewerben, die an Universit\u00e4ten oder au\u00dferuniversit\u00e4ren Forschungseinrichtungen besch\u00e4ftigt und durch herausragende Forschungsleistungen ausgewiesen sind. Die Advanced Fellowships dienen dem Abschluss einer gro\u00dfen wissenschaftlichen Monografie.<\/p><p><a href=\"https:\/\/www.historischeskolleg.de\/consolidator-fellowships\/\" target=\"_blank\" rel=\"noopener\"><strong>Consolidator Fellowship<\/strong><\/a><\/p><p>Die Consolidator Fellowships richten sich an Postdocs aller historischen F\u00e4cher. Sie dienen in der Regel dem Abschluss der Habilitationsschrift.<\/p><p><a href=\"https:\/\/www.historischeskolleg.de\/honorary-fellowships\/\" target=\"_blank\" rel=\"noopener\"><strong>Honorary Fellowships<\/strong><\/a><\/p><p>Die Honorary Fellowships richten sich an Gelehrte aus dem In- und Ausland. Sie dienen dem konzentrierten Schreiben an einem wissenschaftlichen Werk sowie der Archiv- und Bibliotheksrecherche in M\u00fcnchen. Honorary Fellows k\u00f6nnen f\u00fcr den Zeitraum von maximal sechs Monaten kostenlos im Historischen Kolleg wohnen und arbeiten. Eine Verg\u00fctung wird nicht gew\u00e4hrt.<\/p><p>Die Auswahl der Fellows nimmt das Kuratorium des Historischen Kollegs vor; zus\u00e4tzlich werden externe Gutachten eingeholt. Die Bewerbungsfrist endet am\u00a0<strong>30. April 2024<\/strong>. Alle Bewerbungen werden vertraulich behandelt. Der Rechtsweg ist ausgeschlossen. Bewerbungen sind per E-Mail an den Gesch\u00e4ftsf\u00fchrer des Historischen Kollegs (Dr. Karl-Ulrich Gelberg, Kaulbachstr. 15, 80539 M\u00fcnchen,\u00a0<a href=\"mailto:karl-ulrich.gelberg@historischeskolleg.de\">karl-ulrich.gelberg@historischeskolleg.de<\/a>) zu richten.<\/p><p>N\u00e4here Informationen zu den verschiedenen F\u00f6rderformaten und den Vergaberichtlinien finden sich auf der <a title=\"Mehr Informationen\" href=\"https:\/\/www.historischeskolleg.de\/fellowships\/\" target=\"_blank\" rel=\"noopener\">Homepage des Historischen Kollegs<\/a>.<\/p>\t\t\t\t\t\t\t\t<\/div>\n\t\t\t\t<\/div>\n\t\t\t\t\t<\/div>\n\t\t<\/div>\n\t\t\t\t<div class=\"elementor-column elementor-col-33 elementor-top-column elementor-element elementor-element-d4cbaf6\" data-id=\"d4cbaf6\" data-element_type=\"column\" data-e-type=\"column\">\n\t\t\t<div class=\"elementor-widget-wrap elementor-element-populated\">\n\t\t\t\t\t\t<div class=\"elementor-element elementor-element-704e058 elementor-widget elementor-widget-image\" data-id=\"704e058\" data-element_type=\"widget\" data-e-type=\"widget\" data-widget_type=\"image.default\">\n\t\t\t\t<div class=\"elementor-widget-container\">\n\t\t\t\t\t\t\t\t\t\t\t\t\t\t\t\t<a href=\"https:\/\/www.historischeskolleg.de\/app\/uploads\/2023\/12\/HIKO_Ausschreibungsplakat_2025_26_A4_K1.jpg\" data-elementor-open-lightbox=\"yes\" data-elementor-lightbox-title=\"HIKO_Ausschreibungsplakat_2025_26_A4_K1\" data-e-action-hash=\"#elementor-action%3Aaction%3Dlightbox%26settings%3DeyJpZCI6MTA1MzgsInVybCI6Imh0dHBzOlwvXC93d3cuaGlzdG9yaXNjaGVza29sbGVnLmRlXC9hcHBcL3VwbG9hZHNcLzIwMjNcLzEyXC9ISUtPX0F1c3NjaHJlaWJ1bmdzcGxha2F0XzIwMjVfMjZfQTRfSzEuanBnIn0%3D\">\n\t\t\t\t\t\t\t<img fetchpriority=\"high\" decoding=\"async\" width=\"213\" height=\"300\" src=\"https:\/\/www.historischeskolleg.de\/app\/uploads\/2023\/12\/HIKO_Ausschreibungsplakat_2025_26_A4_K1-213x300.jpg\" class=\"attachment-medium size-medium wp-image-10538\" alt=\"\" srcset=\"https:\/\/www.historischeskolleg.de\/app\/uploads\/2023\/12\/HIKO_Ausschreibungsplakat_2025_26_A4_K1-213x300.jpg 213w, https:\/\/www.historischeskolleg.de\/app\/uploads\/2023\/12\/HIKO_Ausschreibungsplakat_2025_26_A4_K1-726x1024.jpg 726w, https:\/\/www.historischeskolleg.de\/app\/uploads\/2023\/12\/HIKO_Ausschreibungsplakat_2025_26_A4_K1-768x1083.jpg 768w, https:\/\/www.historischeskolleg.de\/app\/uploads\/2023\/12\/HIKO_Ausschreibungsplakat_2025_26_A4_K1.jpg 835w\" sizes=\"(max-width: 213px) 100vw, 213px\" \/>\t\t\t\t\t\t\t\t<\/a>\n\t\t\t\t\t\t\t\t\t\t\t\t\t\t\t<\/div>\n\t\t\t\t<\/div>\n\t\t\t\t\t<\/div>\n\t\t<\/div>\n\t\t\t\t\t<\/div>\n\t\t<\/section>\n\t\t\t\t<\/div>\n\t\t","protected":false},"excerpt":{"rendered":"","protected":false},"author":12,"featured_media":6022,"comment_status":"closed","ping_status":"closed","sticky":false,"template":"","format":"standard","meta":{"footnotes":""},"categories":[1],"tags":[],"class_list":["post-10533","post","type-post","status-publish","format-standard","has-post-thumbnail","hentry","category-unkategorisiert"],"acf":[],"yoast_head":"<!-- This site is optimized with the Yoast SEO plugin v27.3 - https:\/\/yoast.com\/product\/yoast-seo-wordpress\/ -->\n<title>Fellowships f\u00fcr das Kollegjahr 2025\/2026 ausgeschrieben - Historisches Kolleg<\/title>\n<meta name=\"robots\" content=\"index, follow, max-snippet:-1, max-image-preview:large, max-video-preview:-1\" \/>\n<link rel=\"canonical\" href=\"https:\/\/www.historischeskolleg.de\/en\/unkategorisiert\/fellowships-fuer-das-kollegjahr-2025-2026-ausgeschrieben\/\" \/>\n<meta property=\"og:locale\" content=\"en_US\" \/>\n<meta property=\"og:type\" content=\"article\" \/>\n<meta property=\"og:title\" content=\"Fellowships f\u00fcr das Kollegjahr 2025\/2026 ausgeschrieben - Historisches Kolleg\" \/>\n<meta property=\"og:url\" content=\"https:\/\/www.historischeskolleg.de\/en\/unkategorisiert\/fellowships-fuer-das-kollegjahr-2025-2026-ausgeschrieben\/\" \/>\n<meta property=\"og:site_name\" content=\"Historisches Kolleg\" \/>\n<meta property=\"article:published_time\" content=\"2023-12-20T09:27:39+00:00\" \/>\n<meta property=\"article:modified_time\" content=\"2024-02-01T08:41:15+00:00\" \/>\n<meta property=\"og:image\" content=\"https:\/\/www.historischeskolleg.de\/app\/uploads\/2021\/12\/Arbeitszimmer-III.jpg\" \/>\n\t<meta property=\"og:image:width\" content=\"1524\" \/>\n\t<meta property=\"og:image:height\" content=\"1263\" \/>\n\t<meta property=\"og:image:type\" content=\"image\/jpeg\" \/>\n<meta name=\"author\" content=\"Franziska Nicolay-Fischbach\" \/>\n<meta name=\"twitter:card\" content=\"summary_large_image\" \/>\n<meta name=\"twitter:label1\" content=\"Written by\" \/>\n\t<meta name=\"twitter:data1\" content=\"Franziska Nicolay-Fischbach\" \/>\n\t<meta name=\"twitter:label2\" content=\"Est. reading time\" \/>\n\t<meta name=\"twitter:data2\" content=\"3 minutes\" \/>\n<script type=\"application\/ld+json\" class=\"yoast-schema-graph\">{\"@context\":\"https:\\\/\\\/schema.org\",\"@graph\":[{\"@type\":\"Article\",\"@id\":\"https:\\\/\\\/www.historischeskolleg.de\\\/en\\\/unkategorisiert\\\/fellowships-fuer-das-kollegjahr-2025-2026-ausgeschrieben\\\/#article\",\"isPartOf\":{\"@id\":\"https:\\\/\\\/www.historischeskolleg.de\\\/en\\\/unkategorisiert\\\/fellowships-fuer-das-kollegjahr-2025-2026-ausgeschrieben\\\/\"},\"author\":{\"name\":\"Franziska Nicolay-Fischbach\",\"@id\":\"https:\\\/\\\/www.historischeskolleg.de\\\/en\\\/#\\\/schema\\\/person\\\/835c250bdd6f8ae1f2c9cec7a4814787\"},\"headline\":\"Fellowships f\u00fcr das Kollegjahr 2025\\\/2026 ausgeschrieben\",\"datePublished\":\"2023-12-20T09:27:39+00:00\",\"dateModified\":\"2024-02-01T08:41:15+00:00\",\"mainEntityOfPage\":{\"@id\":\"https:\\\/\\\/www.historischeskolleg.de\\\/en\\\/unkategorisiert\\\/fellowships-fuer-das-kollegjahr-2025-2026-ausgeschrieben\\\/\"},\"wordCount\":375,\"publisher\":{\"@id\":\"https:\\\/\\\/www.historischeskolleg.de\\\/en\\\/#organization\"},\"image\":{\"@id\":\"https:\\\/\\\/www.historischeskolleg.de\\\/en\\\/unkategorisiert\\\/fellowships-fuer-das-kollegjahr-2025-2026-ausgeschrieben\\\/#primaryimage\"},\"thumbnailUrl\":\"https:\\\/\\\/www.historischeskolleg.de\\\/app\\\/uploads\\\/2021\\\/12\\\/Arbeitszimmer-III.jpg\",\"articleSection\":[\"Unkategorisiert\"],\"inLanguage\":\"en-US\"},{\"@type\":\"WebPage\",\"@id\":\"https:\\\/\\\/www.historischeskolleg.de\\\/en\\\/unkategorisiert\\\/fellowships-fuer-das-kollegjahr-2025-2026-ausgeschrieben\\\/\",\"url\":\"https:\\\/\\\/www.historischeskolleg.de\\\/en\\\/unkategorisiert\\\/fellowships-fuer-das-kollegjahr-2025-2026-ausgeschrieben\\\/\",\"name\":\"Fellowships f\u00fcr das Kollegjahr 2025\\\/2026 ausgeschrieben - Historisches Kolleg\",\"isPartOf\":{\"@id\":\"https:\\\/\\\/www.historischeskolleg.de\\\/en\\\/#website\"},\"primaryImageOfPage\":{\"@id\":\"https:\\\/\\\/www.historischeskolleg.de\\\/en\\\/unkategorisiert\\\/fellowships-fuer-das-kollegjahr-2025-2026-ausgeschrieben\\\/#primaryimage\"},\"image\":{\"@id\":\"https:\\\/\\\/www.historischeskolleg.de\\\/en\\\/unkategorisiert\\\/fellowships-fuer-das-kollegjahr-2025-2026-ausgeschrieben\\\/#primaryimage\"},\"thumbnailUrl\":\"https:\\\/\\\/www.historischeskolleg.de\\\/app\\\/uploads\\\/2021\\\/12\\\/Arbeitszimmer-III.jpg\",\"datePublished\":\"2023-12-20T09:27:39+00:00\",\"dateModified\":\"2024-02-01T08:41:15+00:00\",\"breadcrumb\":{\"@id\":\"https:\\\/\\\/www.historischeskolleg.de\\\/en\\\/unkategorisiert\\\/fellowships-fuer-das-kollegjahr-2025-2026-ausgeschrieben\\\/#breadcrumb\"},\"inLanguage\":\"en-US\",\"potentialAction\":[{\"@type\":\"ReadAction\",\"target\":[\"https:\\\/\\\/www.historischeskolleg.de\\\/en\\\/unkategorisiert\\\/fellowships-fuer-das-kollegjahr-2025-2026-ausgeschrieben\\\/\"]}]},{\"@type\":\"ImageObject\",\"inLanguage\":\"en-US\",\"@id\":\"https:\\\/\\\/www.historischeskolleg.de\\\/en\\\/unkategorisiert\\\/fellowships-fuer-das-kollegjahr-2025-2026-ausgeschrieben\\\/#primaryimage\",\"url\":\"https:\\\/\\\/www.historischeskolleg.de\\\/app\\\/uploads\\\/2021\\\/12\\\/Arbeitszimmer-III.jpg\",\"contentUrl\":\"https:\\\/\\\/www.historischeskolleg.de\\\/app\\\/uploads\\\/2021\\\/12\\\/Arbeitszimmer-III.jpg\",\"width\":1524,\"height\":1263},{\"@type\":\"BreadcrumbList\",\"@id\":\"https:\\\/\\\/www.historischeskolleg.de\\\/en\\\/unkategorisiert\\\/fellowships-fuer-das-kollegjahr-2025-2026-ausgeschrieben\\\/#breadcrumb\",\"itemListElement\":[{\"@type\":\"ListItem\",\"position\":1,\"name\":\"Home\",\"item\":\"https:\\\/\\\/www.historischeskolleg.de\\\/en\\\/\"},{\"@type\":\"ListItem\",\"position\":2,\"name\":\"Fellowships f\u00fcr das Kollegjahr 2025\\\/2026 ausgeschrieben\"}]},{\"@type\":\"WebSite\",\"@id\":\"https:\\\/\\\/www.historischeskolleg.de\\\/en\\\/#website\",\"url\":\"https:\\\/\\\/www.historischeskolleg.de\\\/en\\\/\",\"name\":\"Historisches Kolleg\",\"description\":\"Institute for Advanced Study in History\",\"publisher\":{\"@id\":\"https:\\\/\\\/www.historischeskolleg.de\\\/en\\\/#organization\"},\"potentialAction\":[{\"@type\":\"SearchAction\",\"target\":{\"@type\":\"EntryPoint\",\"urlTemplate\":\"https:\\\/\\\/www.historischeskolleg.de\\\/en\\\/?s={search_term_string}\"},\"query-input\":{\"@type\":\"PropertyValueSpecification\",\"valueRequired\":true,\"valueName\":\"search_term_string\"}}],\"inLanguage\":\"en-US\"},{\"@type\":\"Organization\",\"@id\":\"https:\\\/\\\/www.historischeskolleg.de\\\/en\\\/#organization\",\"name\":\"Historisches Kolleg\",\"url\":\"https:\\\/\\\/www.historischeskolleg.de\\\/en\\\/\",\"logo\":{\"@type\":\"ImageObject\",\"inLanguage\":\"en-US\",\"@id\":\"https:\\\/\\\/www.historischeskolleg.de\\\/en\\\/#\\\/schema\\\/logo\\\/image\\\/\",\"url\":\"https:\\\/\\\/www.historischeskolleg.de\\\/app\\\/uploads\\\/2021\\\/07\\\/cropped-HK_Logo_quer_blau_mitZusatz_transparent.png\",\"contentUrl\":\"https:\\\/\\\/www.historischeskolleg.de\\\/app\\\/uploads\\\/2021\\\/07\\\/cropped-HK_Logo_quer_blau_mitZusatz_transparent.png\",\"width\":1300,\"height\":296,\"caption\":\"Historisches Kolleg\"},\"image\":{\"@id\":\"https:\\\/\\\/www.historischeskolleg.de\\\/en\\\/#\\\/schema\\\/logo\\\/image\\\/\"}},{\"@type\":\"Person\",\"@id\":\"https:\\\/\\\/www.historischeskolleg.de\\\/en\\\/#\\\/schema\\\/person\\\/835c250bdd6f8ae1f2c9cec7a4814787\",\"name\":\"Franziska Nicolay-Fischbach\",\"image\":{\"@type\":\"ImageObject\",\"inLanguage\":\"en-US\",\"@id\":\"https:\\\/\\\/secure.gravatar.com\\\/avatar\\\/4b4d62eac528442ab55d774cbf864a95737752ed746cc8626ada4a4926f0d2d3?s=96&d=mm&r=g\",\"url\":\"https:\\\/\\\/secure.gravatar.com\\\/avatar\\\/4b4d62eac528442ab55d774cbf864a95737752ed746cc8626ada4a4926f0d2d3?s=96&d=mm&r=g\",\"contentUrl\":\"https:\\\/\\\/secure.gravatar.com\\\/avatar\\\/4b4d62eac528442ab55d774cbf864a95737752ed746cc8626ada4a4926f0d2d3?s=96&d=mm&r=g\",\"caption\":\"Franziska Nicolay-Fischbach\"},\"url\":\"https:\\\/\\\/www.historischeskolleg.de\\\/en\\\/author\\\/nicolay-fischbach\\\/\"}]}<\/script>\n<!-- \/ Yoast SEO plugin. -->","yoast_head_json":{"title":"Fellowships f\u00fcr das Kollegjahr 2025\/2026 ausgeschrieben - Historisches Kolleg","robots":{"index":"index","follow":"follow","max-snippet":"max-snippet:-1","max-image-preview":"max-image-preview:large","max-video-preview":"max-video-preview:-1"},"canonical":"https:\/\/www.historischeskolleg.de\/en\/unkategorisiert\/fellowships-fuer-das-kollegjahr-2025-2026-ausgeschrieben\/","og_locale":"en_US","og_type":"article","og_title":"Fellowships f\u00fcr das Kollegjahr 2025\/2026 ausgeschrieben - Historisches Kolleg","og_url":"https:\/\/www.historischeskolleg.de\/en\/unkategorisiert\/fellowships-fuer-das-kollegjahr-2025-2026-ausgeschrieben\/","og_site_name":"Historisches Kolleg","article_published_time":"2023-12-20T09:27:39+00:00","article_modified_time":"2024-02-01T08:41:15+00:00","og_image":[{"width":1524,"height":1263,"url":"https:\/\/www.historischeskolleg.de\/app\/uploads\/2021\/12\/Arbeitszimmer-III.jpg","type":"image\/jpeg"}],"author":"Franziska Nicolay-Fischbach","twitter_card":"summary_large_image","twitter_misc":{"Written by":"Franziska Nicolay-Fischbach","Est. reading time":"3 minutes"},"schema":{"@context":"https:\/\/schema.org","@graph":[{"@type":"Article","@id":"https:\/\/www.historischeskolleg.de\/en\/unkategorisiert\/fellowships-fuer-das-kollegjahr-2025-2026-ausgeschrieben\/#article","isPartOf":{"@id":"https:\/\/www.historischeskolleg.de\/en\/unkategorisiert\/fellowships-fuer-das-kollegjahr-2025-2026-ausgeschrieben\/"},"author":{"name":"Franziska Nicolay-Fischbach","@id":"https:\/\/www.historischeskolleg.de\/en\/#\/schema\/person\/835c250bdd6f8ae1f2c9cec7a4814787"},"headline":"Fellowships f\u00fcr das Kollegjahr 2025\/2026 ausgeschrieben","datePublished":"2023-12-20T09:27:39+00:00","dateModified":"2024-02-01T08:41:15+00:00","mainEntityOfPage":{"@id":"https:\/\/www.historischeskolleg.de\/en\/unkategorisiert\/fellowships-fuer-das-kollegjahr-2025-2026-ausgeschrieben\/"},"wordCount":375,"publisher":{"@id":"https:\/\/www.historischeskolleg.de\/en\/#organization"},"image":{"@id":"https:\/\/www.historischeskolleg.de\/en\/unkategorisiert\/fellowships-fuer-das-kollegjahr-2025-2026-ausgeschrieben\/#primaryimage"},"thumbnailUrl":"https:\/\/www.historischeskolleg.de\/app\/uploads\/2021\/12\/Arbeitszimmer-III.jpg","articleSection":["Unkategorisiert"],"inLanguage":"en-US"},{"@type":"WebPage","@id":"https:\/\/www.historischeskolleg.de\/en\/unkategorisiert\/fellowships-fuer-das-kollegjahr-2025-2026-ausgeschrieben\/","url":"https:\/\/www.historischeskolleg.de\/en\/unkategorisiert\/fellowships-fuer-das-kollegjahr-2025-2026-ausgeschrieben\/","name":"Fellowships f\u00fcr das Kollegjahr 2025\/2026 ausgeschrieben - Historisches Kolleg","isPartOf":{"@id":"https:\/\/www.historischeskolleg.de\/en\/#website"},"primaryImageOfPage":{"@id":"https:\/\/www.historischeskolleg.de\/en\/unkategorisiert\/fellowships-fuer-das-kollegjahr-2025-2026-ausgeschrieben\/#primaryimage"},"image":{"@id":"https:\/\/www.historischeskolleg.de\/en\/unkategorisiert\/fellowships-fuer-das-kollegjahr-2025-2026-ausgeschrieben\/#primaryimage"},"thumbnailUrl":"https:\/\/www.historischeskolleg.de\/app\/uploads\/2021\/12\/Arbeitszimmer-III.jpg","datePublished":"2023-12-20T09:27:39+00:00","dateModified":"2024-02-01T08:41:15+00:00","breadcrumb":{"@id":"https:\/\/www.historischeskolleg.de\/en\/unkategorisiert\/fellowships-fuer-das-kollegjahr-2025-2026-ausgeschrieben\/#breadcrumb"},"inLanguage":"en-US","potentialAction":[{"@type":"ReadAction","target":["https:\/\/www.historischeskolleg.de\/en\/unkategorisiert\/fellowships-fuer-das-kollegjahr-2025-2026-ausgeschrieben\/"]}]},{"@type":"ImageObject","inLanguage":"en-US","@id":"https:\/\/www.historischeskolleg.de\/en\/unkategorisiert\/fellowships-fuer-das-kollegjahr-2025-2026-ausgeschrieben\/#primaryimage","url":"https:\/\/www.historischeskolleg.de\/app\/uploads\/2021\/12\/Arbeitszimmer-III.jpg","contentUrl":"https:\/\/www.historischeskolleg.de\/app\/uploads\/2021\/12\/Arbeitszimmer-III.jpg","width":1524,"height":1263},{"@type":"BreadcrumbList","@id":"https:\/\/www.historischeskolleg.de\/en\/unkategorisiert\/fellowships-fuer-das-kollegjahr-2025-2026-ausgeschrieben\/#breadcrumb","itemListElement":[{"@type":"ListItem","position":1,"name":"Home","item":"https:\/\/www.historischeskolleg.de\/en\/"},{"@type":"ListItem","position":2,"name":"Fellowships f\u00fcr das Kollegjahr 2025\/2026 ausgeschrieben"}]},{"@type":"WebSite","@id":"https:\/\/www.historischeskolleg.de\/en\/#website","url":"https:\/\/www.historischeskolleg.de\/en\/","name":"Historisches Kolleg","description":"Institute for Advanced Study in History","publisher":{"@id":"https:\/\/www.historischeskolleg.de\/en\/#organization"},"potentialAction":[{"@type":"SearchAction","target":{"@type":"EntryPoint","urlTemplate":"https:\/\/www.historischeskolleg.de\/en\/?s={search_term_string}"},"query-input":{"@type":"PropertyValueSpecification","valueRequired":true,"valueName":"search_term_string"}}],"inLanguage":"en-US"},{"@type":"Organization","@id":"https:\/\/www.historischeskolleg.de\/en\/#organization","name":"Historisches Kolleg","url":"https:\/\/www.historischeskolleg.de\/en\/","logo":{"@type":"ImageObject","inLanguage":"en-US","@id":"https:\/\/www.historischeskolleg.de\/en\/#\/schema\/logo\/image\/","url":"https:\/\/www.historischeskolleg.de\/app\/uploads\/2021\/07\/cropped-HK_Logo_quer_blau_mitZusatz_transparent.png","contentUrl":"https:\/\/www.historischeskolleg.de\/app\/uploads\/2021\/07\/cropped-HK_Logo_quer_blau_mitZusatz_transparent.png","width":1300,"height":296,"caption":"Historisches Kolleg"},"image":{"@id":"https:\/\/www.historischeskolleg.de\/en\/#\/schema\/logo\/image\/"}},{"@type":"Person","@id":"https:\/\/www.historischeskolleg.de\/en\/#\/schema\/person\/835c250bdd6f8ae1f2c9cec7a4814787","name":"Franziska Nicolay-Fischbach","image":{"@type":"ImageObject","inLanguage":"en-US","@id":"https:\/\/secure.gravatar.com\/avatar\/4b4d62eac528442ab55d774cbf864a95737752ed746cc8626ada4a4926f0d2d3?s=96&d=mm&r=g","url":"https:\/\/secure.gravatar.com\/avatar\/4b4d62eac528442ab55d774cbf864a95737752ed746cc8626ada4a4926f0d2d3?s=96&d=mm&r=g","contentUrl":"https:\/\/secure.gravatar.com\/avatar\/4b4d62eac528442ab55d774cbf864a95737752ed746cc8626ada4a4926f0d2d3?s=96&d=mm&r=g","caption":"Franziska Nicolay-Fischbach"},"url":"https:\/\/www.historischeskolleg.de\/en\/author\/nicolay-fischbach\/"}]}},"_links":{"self":[{"href":"https:\/\/www.historischeskolleg.de\/en\/wp-json\/wp\/v2\/posts\/10533","targetHints":{"allow":["GET"]}}],"collection":[{"href":"https:\/\/www.historischeskolleg.de\/en\/wp-json\/wp\/v2\/posts"}],"about":[{"href":"https:\/\/www.historischeskolleg.de\/en\/wp-json\/wp\/v2\/types\/post"}],"author":[{"embeddable":true,"href":"https:\/\/www.historischeskolleg.de\/en\/wp-json\/wp\/v2\/users\/12"}],"replies":[{"embeddable":true,"href":"https:\/\/www.historischeskolleg.de\/en\/wp-json\/wp\/v2\/comments?post=10533"}],"version-history":[{"count":22,"href":"https:\/\/www.historischeskolleg.de\/en\/wp-json\/wp\/v2\/posts\/10533\/revisions"}],"predecessor-version":[{"id":10966,"href":"https:\/\/www.historischeskolleg.de\/en\/wp-json\/wp\/v2\/posts\/10533\/revisions\/10966"}],"wp:featuredmedia":[{"embeddable":true,"href":"https:\/\/www.historischeskolleg.de\/en\/wp-json\/wp\/v2\/media\/6022"}],"wp:attachment":[{"href":"https:\/\/www.historischeskolleg.de\/en\/wp-json\/wp\/v2\/media?parent=10533"}],"wp:term":[{"taxonomy":"category","embeddable":true,"href":"https:\/\/www.historischeskolleg.de\/en\/wp-json\/wp\/v2\/categories?post=10533"},{"taxonomy":"post_tag","embeddable":true,"href":"https:\/\/www.historischeskolleg.de\/en\/wp-json\/wp\/v2\/tags?post=10533"}],"curies":[{"name":"wp","href":"https:\/\/api.w.org\/{rel}","templated":true}]}}