{"id":10216,"date":"2023-10-06T08:30:36","date_gmt":"2023-10-06T06:30:36","guid":{"rendered":"https:\/\/www.historischeskolleg.de\/?p=10216"},"modified":"2023-10-06T08:31:35","modified_gmt":"2023-10-06T06:31:35","slug":"zielvereinbarung-mit-dem-bayerischen-staatsministerium-2023-bis-2027","status":"publish","type":"post","link":"https:\/\/www.historischeskolleg.de\/en\/unkategorisiert\/zielvereinbarung-mit-dem-bayerischen-staatsministerium-2023-bis-2027\/","title":{"rendered":"Zielvereinbarung mit dem Bayerischen Staatsministerium 2023 bis 2027"},"content":{"rendered":"\t\t<div data-elementor-type=\"wp-post\" data-elementor-id=\"10216\" class=\"elementor elementor-10216\" data-elementor-post-type=\"post\">\n\t\t\t\t\t\t<section class=\"elementor-section elementor-top-section elementor-element elementor-element-2167ed0 elementor-section-boxed elementor-section-height-default elementor-section-height-default\" data-id=\"2167ed0\" data-element_type=\"section\" data-e-type=\"section\">\n\t\t\t\t\t\t<div class=\"elementor-container elementor-column-gap-default\">\n\t\t\t\t\t<div class=\"elementor-column elementor-col-100 elementor-top-column elementor-element elementor-element-f0af977\" data-id=\"f0af977\" data-element_type=\"column\" data-e-type=\"column\">\n\t\t\t<div class=\"elementor-widget-wrap elementor-element-populated\">\n\t\t\t\t\t\t<div class=\"elementor-element elementor-element-043c189 elementor-widget elementor-widget-heading\" data-id=\"043c189\" data-element_type=\"widget\" data-e-type=\"widget\" data-widget_type=\"heading.default\">\n\t\t\t\t<div class=\"elementor-widget-container\">\n\t\t\t\t\t<h1 class=\"elementor-heading-title elementor-size-default\">Zielvereinbarung mit dem Bayerischen Staatsministerium f\u00fcr Wissenschaft und Kunst f\u00fcr die Jahre 2023 bis 2027\n<\/h1>\t\t\t\t<\/div>\n\t\t\t\t<\/div>\n\t\t\t\t<div class=\"elementor-element elementor-element-0841ff5 elementor-widget-divider--view-line elementor-widget elementor-widget-divider\" data-id=\"0841ff5\" data-element_type=\"widget\" data-e-type=\"widget\" data-widget_type=\"divider.default\">\n\t\t\t\t<div class=\"elementor-widget-container\">\n\t\t\t\t\t\t\t<div class=\"elementor-divider\">\n\t\t\t<span class=\"elementor-divider-separator\">\n\t\t\t\t\t\t<\/span>\n\t\t<\/div>\n\t\t\t\t\t\t<\/div>\n\t\t\t\t<\/div>\n\t\t\t\t<div class=\"elementor-element elementor-element-57a2ba2 elementor-align-center elementor-widget elementor-widget-post-info\" data-id=\"57a2ba2\" data-element_type=\"widget\" data-e-type=\"widget\" data-widget_type=\"post-info.default\">\n\t\t\t\t<div class=\"elementor-widget-container\">\n\t\t\t\t\t\t\t<ul class=\"elementor-inline-items elementor-icon-list-items elementor-post-info\">\n\t\t\t\t\t\t\t\t<li class=\"elementor-icon-list-item elementor-repeater-item-0fbf284 elementor-inline-item\">\n\t\t\t\t\t\t\t\t\t\t<span class=\"elementor-icon-list-icon\">\n\t\t\t\t\t\t\t\t<i aria-hidden=\"true\" class=\"far fa-user\"><\/i>\t\t\t\t\t\t\t<\/span>\n\t\t\t\t\t\t\t\t\t<span class=\"elementor-icon-list-text elementor-post-info__item elementor-post-info__item--type-custom\">\n\t\t\t\t\t\t\t\t\t\tHistorisches Kolleg\t\t\t\t\t<\/span>\n\t\t\t\t\t\t\t\t<\/li>\n\t\t\t\t<li class=\"elementor-icon-list-item elementor-repeater-item-3c137b9 elementor-inline-item\" itemprop=\"datePublished\">\n\t\t\t\t\t\t\t\t\t\t<span class=\"elementor-icon-list-icon\">\n\t\t\t\t\t\t\t\t<i aria-hidden=\"true\" class=\"far fa-calendar-alt\"><\/i>\t\t\t\t\t\t\t<\/span>\n\t\t\t\t\t\t\t\t\t<span class=\"elementor-icon-list-text elementor-post-info__item elementor-post-info__item--type-date\">\n\t\t\t\t\t\t\t\t\t\t<time>06.10.2023<\/time>\t\t\t\t\t<\/span>\n\t\t\t\t\t\t\t\t<\/li>\n\t\t\t\t<\/ul>\n\t\t\t\t\t\t<\/div>\n\t\t\t\t<\/div>\n\t\t\t\t<div class=\"elementor-element elementor-element-914ffff elementor-widget-divider--view-line elementor-widget elementor-widget-divider\" data-id=\"914ffff\" data-element_type=\"widget\" data-e-type=\"widget\" data-widget_type=\"divider.default\">\n\t\t\t\t<div class=\"elementor-widget-container\">\n\t\t\t\t\t\t\t<div class=\"elementor-divider\">\n\t\t\t<span class=\"elementor-divider-separator\">\n\t\t\t\t\t\t<\/span>\n\t\t<\/div>\n\t\t\t\t\t\t<\/div>\n\t\t\t\t<\/div>\n\t\t\t\t\t<\/div>\n\t\t<\/div>\n\t\t\t\t\t<\/div>\n\t\t<\/section>\n\t\t\t\t<section class=\"elementor-section elementor-top-section elementor-element elementor-element-23f19bf elementor-section-boxed elementor-section-height-default elementor-section-height-default\" data-id=\"23f19bf\" data-element_type=\"section\" data-e-type=\"section\">\n\t\t\t\t\t\t<div class=\"elementor-container elementor-column-gap-default\">\n\t\t\t\t\t<div class=\"elementor-column elementor-col-100 elementor-top-column elementor-element elementor-element-faaa271\" data-id=\"faaa271\" data-element_type=\"column\" data-e-type=\"column\">\n\t\t\t<div class=\"elementor-widget-wrap elementor-element-populated\">\n\t\t\t\t\t\t<div class=\"elementor-element elementor-element-6d0731e elementor-widget elementor-widget-text-editor\" data-id=\"6d0731e\" data-element_type=\"widget\" data-e-type=\"widget\" data-widget_type=\"text-editor.default\">\n\t\t\t\t<div class=\"elementor-widget-container\">\n\t\t\t\t\t\t\t\t\t<p>Wissenschaftsminister Markus Blume betonte: \u201eWir geben der Geschichte Zukunft! Die vier au\u00dferuniversit\u00e4ren Forschungsinstitute Collegium Carolinum, Historische Kommission bei der Bayerischen Akademie der Wissenschaften, Historisches Kolleg und Monumenta Germaniae Historica sind geschichtswissenschaftliche Perlen. Mit dem Abschluss der Zielvereinbarungen bis 2027 stellen sich die Institute strategisch f\u00fcr die Zukunft auf. Im Gegenzug sichert der Freistaat langfristig hervorragenden Rahmenbedingungen. Wir sind stolz, diese Einrichtungen in Bayern zu haben. Sie machen uns zu einem international bedeutenden Forschungsstandort der Geschichtswissenschaften. Gerade die gro\u00dfe Vielfalt macht die bayerische Wissenschaftslandschaft so einzigartig.\u201c<\/p>\n<p>Dem Historischen Kolleg garantiert die Zielvereinbarung bis 2027 einen j\u00e4hrlichen Mittelaufwuchs von 3%. Diese Steigerung, f\u00fcr die das Historische Kolleg der Bayerischen Staatsregierung dankbar ist, wird das Kolleg in die Lage versetzen, auch in den kommenden Jahren seine Aufgabe zu erf\u00fcllen, als Institute for Advanced Study in History Wissenschaftlerinnen und Wissenschaftlern durch Stipendien in M\u00fcnchen Freiraum zum Nachdenken und Schreiben zu gew\u00e4hren.<\/p>\n<p>Dabei wird das Kolleg sein Profil insbesondere durch ein neues Fellowship f\u00fcr den Globalen S\u00fcden, Stichwort Internationalisierung, sowie bei der Gleichstellung und zwar im Leitungsgremium sowie bei den Fellowships sch\u00e4rfen. Weitere Schwerpunkte stellen die st\u00e4rkere Vernetzung der Fellows untereinander, eine Netzwerkbildung mit weiteren wissenschaftlichen Fellow-Programmen in M\u00fcnchen und eine zeitgem\u00e4\u00dfe Weiterentwicklung der Governance dar.<\/p>\t\t\t\t\t\t\t\t<\/div>\n\t\t\t\t<\/div>\n\t\t\t\t<div class=\"elementor-element elementor-element-7ab2c95 elementor-widget elementor-widget-spacer\" data-id=\"7ab2c95\" data-element_type=\"widget\" data-e-type=\"widget\" data-widget_type=\"spacer.default\">\n\t\t\t\t<div class=\"elementor-widget-container\">\n\t\t\t\t\t\t\t<div class=\"elementor-spacer\">\n\t\t\t<div class=\"elementor-spacer-inner\"><\/div>\n\t\t<\/div>\n\t\t\t\t\t\t<\/div>\n\t\t\t\t<\/div>\n\t\t\t\t<div class=\"elementor-element elementor-element-eb39116 elementor-widget elementor-widget-image\" data-id=\"eb39116\" data-element_type=\"widget\" data-e-type=\"widget\" data-widget_type=\"image.default\">\n\t\t\t\t<div class=\"elementor-widget-container\">\n\t\t\t\t\t\t\t\t\t\t\t\t<figure class=\"wp-caption\">\n\t\t\t\t\t\t\t\t\t\t<img fetchpriority=\"high\" decoding=\"async\" width=\"640\" height=\"478\" src=\"https:\/\/www.historischeskolleg.de\/app\/uploads\/2023\/10\/03_Unterzeichnung-Leppin-Historisches-Kolleg-1024x764.jpg\" class=\"attachment-large size-large wp-image-10210\" alt=\"\" srcset=\"https:\/\/www.historischeskolleg.de\/app\/uploads\/2023\/10\/03_Unterzeichnung-Leppin-Historisches-Kolleg-1024x764.jpg 1024w, https:\/\/www.historischeskolleg.de\/app\/uploads\/2023\/10\/03_Unterzeichnung-Leppin-Historisches-Kolleg-300x224.jpg 300w, https:\/\/www.historischeskolleg.de\/app\/uploads\/2023\/10\/03_Unterzeichnung-Leppin-Historisches-Kolleg-768x573.jpg 768w, https:\/\/www.historischeskolleg.de\/app\/uploads\/2023\/10\/03_Unterzeichnung-Leppin-Historisches-Kolleg-1536x1147.jpg 1536w, https:\/\/www.historischeskolleg.de\/app\/uploads\/2023\/10\/03_Unterzeichnung-Leppin-Historisches-Kolleg-2048x1529.jpg 2048w\" sizes=\"(max-width: 640px) 100vw, 640px\" \/>\t\t\t\t\t\t\t\t\t\t\t<figcaption class=\"widget-image-caption wp-caption-text\">Staatsminister Markus Blume und der Kuratoriumsvorsitzende des Historischen Kollegs, Hartmut Leppin, bei der Unterzeichnung der Zielvereinbarung am 4. Oktober 2023 im Ministerium am M\u00fcnchner Salvatorplatz (Foto: StMWK).<\/figcaption>\n\t\t\t\t\t\t\t\t\t\t<\/figure>\n\t\t\t\t\t\t\t\t\t<\/div>\n\t\t\t\t<\/div>\n\t\t\t\t<div class=\"elementor-element elementor-element-bac2ecb elementor-widget elementor-widget-spacer\" data-id=\"bac2ecb\" data-element_type=\"widget\" data-e-type=\"widget\" data-widget_type=\"spacer.default\">\n\t\t\t\t<div class=\"elementor-widget-container\">\n\t\t\t\t\t\t\t<div class=\"elementor-spacer\">\n\t\t\t<div class=\"elementor-spacer-inner\"><\/div>\n\t\t<\/div>\n\t\t\t\t\t\t<\/div>\n\t\t\t\t<\/div>\n\t\t\t\t\t<\/div>\n\t\t<\/div>\n\t\t\t\t\t<\/div>\n\t\t<\/section>\n\t\t\t\t<\/div>\n\t\t","protected":false},"excerpt":{"rendered":"","protected":false},"author":12,"featured_media":5856,"comment_status":"closed","ping_status":"closed","sticky":false,"template":"","format":"standard","meta":{"footnotes":""},"categories":[1],"tags":[],"class_list":["post-10216","post","type-post","status-publish","format-standard","has-post-thumbnail","hentry","category-unkategorisiert"],"acf":[],"yoast_head":"<!-- This site is optimized with the Yoast SEO plugin v27.3 - https:\/\/yoast.com\/product\/yoast-seo-wordpress\/ -->\n<title>Zielvereinbarung mit dem Bayerischen Staatsministerium 2023 bis 2027 - Historisches Kolleg<\/title>\n<meta name=\"robots\" content=\"index, follow, max-snippet:-1, max-image-preview:large, max-video-preview:-1\" \/>\n<link rel=\"canonical\" href=\"https:\/\/www.historischeskolleg.de\/en\/unkategorisiert\/zielvereinbarung-mit-dem-bayerischen-staatsministerium-2023-bis-2027\/\" \/>\n<meta property=\"og:locale\" content=\"en_US\" \/>\n<meta property=\"og:type\" content=\"article\" \/>\n<meta property=\"og:title\" content=\"Zielvereinbarung mit dem Bayerischen Staatsministerium 2023 bis 2027 - Historisches Kolleg\" \/>\n<meta property=\"og:url\" content=\"https:\/\/www.historischeskolleg.de\/en\/unkategorisiert\/zielvereinbarung-mit-dem-bayerischen-staatsministerium-2023-bis-2027\/\" \/>\n<meta property=\"og:site_name\" content=\"Historisches Kolleg\" \/>\n<meta property=\"article:published_time\" content=\"2023-10-06T06:30:36+00:00\" \/>\n<meta property=\"article:modified_time\" content=\"2023-10-06T06:31:35+00:00\" \/>\n<meta property=\"og:image\" content=\"https:\/\/www.historischeskolleg.de\/app\/uploads\/2020\/10\/Haus_Gartenseite.jpg\" \/>\n\t<meta property=\"og:image:width\" content=\"1523\" \/>\n\t<meta property=\"og:image:height\" content=\"1263\" \/>\n\t<meta property=\"og:image:type\" content=\"image\/jpeg\" \/>\n<meta name=\"author\" content=\"Franziska Nicolay-Fischbach\" \/>\n<meta name=\"twitter:card\" content=\"summary_large_image\" \/>\n<meta name=\"twitter:label1\" content=\"Written by\" \/>\n\t<meta name=\"twitter:data1\" content=\"Franziska Nicolay-Fischbach\" \/>\n\t<meta name=\"twitter:label2\" content=\"Est. reading time\" \/>\n\t<meta name=\"twitter:data2\" content=\"3 minutes\" \/>\n<script type=\"application\/ld+json\" class=\"yoast-schema-graph\">{\"@context\":\"https:\\\/\\\/schema.org\",\"@graph\":[{\"@type\":\"Article\",\"@id\":\"https:\\\/\\\/www.historischeskolleg.de\\\/en\\\/unkategorisiert\\\/zielvereinbarung-mit-dem-bayerischen-staatsministerium-2023-bis-2027\\\/#article\",\"isPartOf\":{\"@id\":\"https:\\\/\\\/www.historischeskolleg.de\\\/en\\\/unkategorisiert\\\/zielvereinbarung-mit-dem-bayerischen-staatsministerium-2023-bis-2027\\\/\"},\"author\":{\"name\":\"Franziska Nicolay-Fischbach\",\"@id\":\"https:\\\/\\\/www.historischeskolleg.de\\\/en\\\/#\\\/schema\\\/person\\\/835c250bdd6f8ae1f2c9cec7a4814787\"},\"headline\":\"Zielvereinbarung mit dem Bayerischen Staatsministerium 2023 bis 2027\",\"datePublished\":\"2023-10-06T06:30:36+00:00\",\"dateModified\":\"2023-10-06T06:31:35+00:00\",\"mainEntityOfPage\":{\"@id\":\"https:\\\/\\\/www.historischeskolleg.de\\\/en\\\/unkategorisiert\\\/zielvereinbarung-mit-dem-bayerischen-staatsministerium-2023-bis-2027\\\/\"},\"wordCount\":260,\"publisher\":{\"@id\":\"https:\\\/\\\/www.historischeskolleg.de\\\/en\\\/#organization\"},\"image\":{\"@id\":\"https:\\\/\\\/www.historischeskolleg.de\\\/en\\\/unkategorisiert\\\/zielvereinbarung-mit-dem-bayerischen-staatsministerium-2023-bis-2027\\\/#primaryimage\"},\"thumbnailUrl\":\"https:\\\/\\\/www.historischeskolleg.de\\\/app\\\/uploads\\\/2020\\\/10\\\/Haus_Gartenseite.jpg\",\"articleSection\":[\"Unkategorisiert\"],\"inLanguage\":\"en-US\"},{\"@type\":\"WebPage\",\"@id\":\"https:\\\/\\\/www.historischeskolleg.de\\\/en\\\/unkategorisiert\\\/zielvereinbarung-mit-dem-bayerischen-staatsministerium-2023-bis-2027\\\/\",\"url\":\"https:\\\/\\\/www.historischeskolleg.de\\\/en\\\/unkategorisiert\\\/zielvereinbarung-mit-dem-bayerischen-staatsministerium-2023-bis-2027\\\/\",\"name\":\"Zielvereinbarung mit dem Bayerischen Staatsministerium 2023 bis 2027 - Historisches Kolleg\",\"isPartOf\":{\"@id\":\"https:\\\/\\\/www.historischeskolleg.de\\\/en\\\/#website\"},\"primaryImageOfPage\":{\"@id\":\"https:\\\/\\\/www.historischeskolleg.de\\\/en\\\/unkategorisiert\\\/zielvereinbarung-mit-dem-bayerischen-staatsministerium-2023-bis-2027\\\/#primaryimage\"},\"image\":{\"@id\":\"https:\\\/\\\/www.historischeskolleg.de\\\/en\\\/unkategorisiert\\\/zielvereinbarung-mit-dem-bayerischen-staatsministerium-2023-bis-2027\\\/#primaryimage\"},\"thumbnailUrl\":\"https:\\\/\\\/www.historischeskolleg.de\\\/app\\\/uploads\\\/2020\\\/10\\\/Haus_Gartenseite.jpg\",\"datePublished\":\"2023-10-06T06:30:36+00:00\",\"dateModified\":\"2023-10-06T06:31:35+00:00\",\"breadcrumb\":{\"@id\":\"https:\\\/\\\/www.historischeskolleg.de\\\/en\\\/unkategorisiert\\\/zielvereinbarung-mit-dem-bayerischen-staatsministerium-2023-bis-2027\\\/#breadcrumb\"},\"inLanguage\":\"en-US\",\"potentialAction\":[{\"@type\":\"ReadAction\",\"target\":[\"https:\\\/\\\/www.historischeskolleg.de\\\/en\\\/unkategorisiert\\\/zielvereinbarung-mit-dem-bayerischen-staatsministerium-2023-bis-2027\\\/\"]}]},{\"@type\":\"ImageObject\",\"inLanguage\":\"en-US\",\"@id\":\"https:\\\/\\\/www.historischeskolleg.de\\\/en\\\/unkategorisiert\\\/zielvereinbarung-mit-dem-bayerischen-staatsministerium-2023-bis-2027\\\/#primaryimage\",\"url\":\"https:\\\/\\\/www.historischeskolleg.de\\\/app\\\/uploads\\\/2020\\\/10\\\/Haus_Gartenseite.jpg\",\"contentUrl\":\"https:\\\/\\\/www.historischeskolleg.de\\\/app\\\/uploads\\\/2020\\\/10\\\/Haus_Gartenseite.jpg\",\"width\":1523,\"height\":1263},{\"@type\":\"BreadcrumbList\",\"@id\":\"https:\\\/\\\/www.historischeskolleg.de\\\/en\\\/unkategorisiert\\\/zielvereinbarung-mit-dem-bayerischen-staatsministerium-2023-bis-2027\\\/#breadcrumb\",\"itemListElement\":[{\"@type\":\"ListItem\",\"position\":1,\"name\":\"Home\",\"item\":\"https:\\\/\\\/www.historischeskolleg.de\\\/en\\\/\"},{\"@type\":\"ListItem\",\"position\":2,\"name\":\"Zielvereinbarung mit dem Bayerischen Staatsministerium 2023 bis 2027\"}]},{\"@type\":\"WebSite\",\"@id\":\"https:\\\/\\\/www.historischeskolleg.de\\\/en\\\/#website\",\"url\":\"https:\\\/\\\/www.historischeskolleg.de\\\/en\\\/\",\"name\":\"Historisches Kolleg\",\"description\":\"Institute for Advanced Study in History\",\"publisher\":{\"@id\":\"https:\\\/\\\/www.historischeskolleg.de\\\/en\\\/#organization\"},\"potentialAction\":[{\"@type\":\"SearchAction\",\"target\":{\"@type\":\"EntryPoint\",\"urlTemplate\":\"https:\\\/\\\/www.historischeskolleg.de\\\/en\\\/?s={search_term_string}\"},\"query-input\":{\"@type\":\"PropertyValueSpecification\",\"valueRequired\":true,\"valueName\":\"search_term_string\"}}],\"inLanguage\":\"en-US\"},{\"@type\":\"Organization\",\"@id\":\"https:\\\/\\\/www.historischeskolleg.de\\\/en\\\/#organization\",\"name\":\"Historisches Kolleg\",\"url\":\"https:\\\/\\\/www.historischeskolleg.de\\\/en\\\/\",\"logo\":{\"@type\":\"ImageObject\",\"inLanguage\":\"en-US\",\"@id\":\"https:\\\/\\\/www.historischeskolleg.de\\\/en\\\/#\\\/schema\\\/logo\\\/image\\\/\",\"url\":\"https:\\\/\\\/www.historischeskolleg.de\\\/app\\\/uploads\\\/2021\\\/07\\\/cropped-HK_Logo_quer_blau_mitZusatz_transparent.png\",\"contentUrl\":\"https:\\\/\\\/www.historischeskolleg.de\\\/app\\\/uploads\\\/2021\\\/07\\\/cropped-HK_Logo_quer_blau_mitZusatz_transparent.png\",\"width\":1300,\"height\":296,\"caption\":\"Historisches Kolleg\"},\"image\":{\"@id\":\"https:\\\/\\\/www.historischeskolleg.de\\\/en\\\/#\\\/schema\\\/logo\\\/image\\\/\"}},{\"@type\":\"Person\",\"@id\":\"https:\\\/\\\/www.historischeskolleg.de\\\/en\\\/#\\\/schema\\\/person\\\/835c250bdd6f8ae1f2c9cec7a4814787\",\"name\":\"Franziska Nicolay-Fischbach\",\"image\":{\"@type\":\"ImageObject\",\"inLanguage\":\"en-US\",\"@id\":\"https:\\\/\\\/secure.gravatar.com\\\/avatar\\\/4b4d62eac528442ab55d774cbf864a95737752ed746cc8626ada4a4926f0d2d3?s=96&d=mm&r=g\",\"url\":\"https:\\\/\\\/secure.gravatar.com\\\/avatar\\\/4b4d62eac528442ab55d774cbf864a95737752ed746cc8626ada4a4926f0d2d3?s=96&d=mm&r=g\",\"contentUrl\":\"https:\\\/\\\/secure.gravatar.com\\\/avatar\\\/4b4d62eac528442ab55d774cbf864a95737752ed746cc8626ada4a4926f0d2d3?s=96&d=mm&r=g\",\"caption\":\"Franziska Nicolay-Fischbach\"},\"url\":\"https:\\\/\\\/www.historischeskolleg.de\\\/en\\\/author\\\/nicolay-fischbach\\\/\"}]}<\/script>\n<!-- \/ Yoast SEO plugin. -->","yoast_head_json":{"title":"Zielvereinbarung mit dem Bayerischen Staatsministerium 2023 bis 2027 - Historisches Kolleg","robots":{"index":"index","follow":"follow","max-snippet":"max-snippet:-1","max-image-preview":"max-image-preview:large","max-video-preview":"max-video-preview:-1"},"canonical":"https:\/\/www.historischeskolleg.de\/en\/unkategorisiert\/zielvereinbarung-mit-dem-bayerischen-staatsministerium-2023-bis-2027\/","og_locale":"en_US","og_type":"article","og_title":"Zielvereinbarung mit dem Bayerischen Staatsministerium 2023 bis 2027 - Historisches Kolleg","og_url":"https:\/\/www.historischeskolleg.de\/en\/unkategorisiert\/zielvereinbarung-mit-dem-bayerischen-staatsministerium-2023-bis-2027\/","og_site_name":"Historisches Kolleg","article_published_time":"2023-10-06T06:30:36+00:00","article_modified_time":"2023-10-06T06:31:35+00:00","og_image":[{"width":1523,"height":1263,"url":"https:\/\/www.historischeskolleg.de\/app\/uploads\/2020\/10\/Haus_Gartenseite.jpg","type":"image\/jpeg"}],"author":"Franziska Nicolay-Fischbach","twitter_card":"summary_large_image","twitter_misc":{"Written by":"Franziska Nicolay-Fischbach","Est. reading time":"3 minutes"},"schema":{"@context":"https:\/\/schema.org","@graph":[{"@type":"Article","@id":"https:\/\/www.historischeskolleg.de\/en\/unkategorisiert\/zielvereinbarung-mit-dem-bayerischen-staatsministerium-2023-bis-2027\/#article","isPartOf":{"@id":"https:\/\/www.historischeskolleg.de\/en\/unkategorisiert\/zielvereinbarung-mit-dem-bayerischen-staatsministerium-2023-bis-2027\/"},"author":{"name":"Franziska Nicolay-Fischbach","@id":"https:\/\/www.historischeskolleg.de\/en\/#\/schema\/person\/835c250bdd6f8ae1f2c9cec7a4814787"},"headline":"Zielvereinbarung mit dem Bayerischen Staatsministerium 2023 bis 2027","datePublished":"2023-10-06T06:30:36+00:00","dateModified":"2023-10-06T06:31:35+00:00","mainEntityOfPage":{"@id":"https:\/\/www.historischeskolleg.de\/en\/unkategorisiert\/zielvereinbarung-mit-dem-bayerischen-staatsministerium-2023-bis-2027\/"},"wordCount":260,"publisher":{"@id":"https:\/\/www.historischeskolleg.de\/en\/#organization"},"image":{"@id":"https:\/\/www.historischeskolleg.de\/en\/unkategorisiert\/zielvereinbarung-mit-dem-bayerischen-staatsministerium-2023-bis-2027\/#primaryimage"},"thumbnailUrl":"https:\/\/www.historischeskolleg.de\/app\/uploads\/2020\/10\/Haus_Gartenseite.jpg","articleSection":["Unkategorisiert"],"inLanguage":"en-US"},{"@type":"WebPage","@id":"https:\/\/www.historischeskolleg.de\/en\/unkategorisiert\/zielvereinbarung-mit-dem-bayerischen-staatsministerium-2023-bis-2027\/","url":"https:\/\/www.historischeskolleg.de\/en\/unkategorisiert\/zielvereinbarung-mit-dem-bayerischen-staatsministerium-2023-bis-2027\/","name":"Zielvereinbarung mit dem Bayerischen Staatsministerium 2023 bis 2027 - Historisches Kolleg","isPartOf":{"@id":"https:\/\/www.historischeskolleg.de\/en\/#website"},"primaryImageOfPage":{"@id":"https:\/\/www.historischeskolleg.de\/en\/unkategorisiert\/zielvereinbarung-mit-dem-bayerischen-staatsministerium-2023-bis-2027\/#primaryimage"},"image":{"@id":"https:\/\/www.historischeskolleg.de\/en\/unkategorisiert\/zielvereinbarung-mit-dem-bayerischen-staatsministerium-2023-bis-2027\/#primaryimage"},"thumbnailUrl":"https:\/\/www.historischeskolleg.de\/app\/uploads\/2020\/10\/Haus_Gartenseite.jpg","datePublished":"2023-10-06T06:30:36+00:00","dateModified":"2023-10-06T06:31:35+00:00","breadcrumb":{"@id":"https:\/\/www.historischeskolleg.de\/en\/unkategorisiert\/zielvereinbarung-mit-dem-bayerischen-staatsministerium-2023-bis-2027\/#breadcrumb"},"inLanguage":"en-US","potentialAction":[{"@type":"ReadAction","target":["https:\/\/www.historischeskolleg.de\/en\/unkategorisiert\/zielvereinbarung-mit-dem-bayerischen-staatsministerium-2023-bis-2027\/"]}]},{"@type":"ImageObject","inLanguage":"en-US","@id":"https:\/\/www.historischeskolleg.de\/en\/unkategorisiert\/zielvereinbarung-mit-dem-bayerischen-staatsministerium-2023-bis-2027\/#primaryimage","url":"https:\/\/www.historischeskolleg.de\/app\/uploads\/2020\/10\/Haus_Gartenseite.jpg","contentUrl":"https:\/\/www.historischeskolleg.de\/app\/uploads\/2020\/10\/Haus_Gartenseite.jpg","width":1523,"height":1263},{"@type":"BreadcrumbList","@id":"https:\/\/www.historischeskolleg.de\/en\/unkategorisiert\/zielvereinbarung-mit-dem-bayerischen-staatsministerium-2023-bis-2027\/#breadcrumb","itemListElement":[{"@type":"ListItem","position":1,"name":"Home","item":"https:\/\/www.historischeskolleg.de\/en\/"},{"@type":"ListItem","position":2,"name":"Zielvereinbarung mit dem Bayerischen Staatsministerium 2023 bis 2027"}]},{"@type":"WebSite","@id":"https:\/\/www.historischeskolleg.de\/en\/#website","url":"https:\/\/www.historischeskolleg.de\/en\/","name":"Historisches Kolleg","description":"Institute for Advanced Study in History","publisher":{"@id":"https:\/\/www.historischeskolleg.de\/en\/#organization"},"potentialAction":[{"@type":"SearchAction","target":{"@type":"EntryPoint","urlTemplate":"https:\/\/www.historischeskolleg.de\/en\/?s={search_term_string}"},"query-input":{"@type":"PropertyValueSpecification","valueRequired":true,"valueName":"search_term_string"}}],"inLanguage":"en-US"},{"@type":"Organization","@id":"https:\/\/www.historischeskolleg.de\/en\/#organization","name":"Historisches Kolleg","url":"https:\/\/www.historischeskolleg.de\/en\/","logo":{"@type":"ImageObject","inLanguage":"en-US","@id":"https:\/\/www.historischeskolleg.de\/en\/#\/schema\/logo\/image\/","url":"https:\/\/www.historischeskolleg.de\/app\/uploads\/2021\/07\/cropped-HK_Logo_quer_blau_mitZusatz_transparent.png","contentUrl":"https:\/\/www.historischeskolleg.de\/app\/uploads\/2021\/07\/cropped-HK_Logo_quer_blau_mitZusatz_transparent.png","width":1300,"height":296,"caption":"Historisches Kolleg"},"image":{"@id":"https:\/\/www.historischeskolleg.de\/en\/#\/schema\/logo\/image\/"}},{"@type":"Person","@id":"https:\/\/www.historischeskolleg.de\/en\/#\/schema\/person\/835c250bdd6f8ae1f2c9cec7a4814787","name":"Franziska Nicolay-Fischbach","image":{"@type":"ImageObject","inLanguage":"en-US","@id":"https:\/\/secure.gravatar.com\/avatar\/4b4d62eac528442ab55d774cbf864a95737752ed746cc8626ada4a4926f0d2d3?s=96&d=mm&r=g","url":"https:\/\/secure.gravatar.com\/avatar\/4b4d62eac528442ab55d774cbf864a95737752ed746cc8626ada4a4926f0d2d3?s=96&d=mm&r=g","contentUrl":"https:\/\/secure.gravatar.com\/avatar\/4b4d62eac528442ab55d774cbf864a95737752ed746cc8626ada4a4926f0d2d3?s=96&d=mm&r=g","caption":"Franziska Nicolay-Fischbach"},"url":"https:\/\/www.historischeskolleg.de\/en\/author\/nicolay-fischbach\/"}]}},"_links":{"self":[{"href":"https:\/\/www.historischeskolleg.de\/en\/wp-json\/wp\/v2\/posts\/10216","targetHints":{"allow":["GET"]}}],"collection":[{"href":"https:\/\/www.historischeskolleg.de\/en\/wp-json\/wp\/v2\/posts"}],"about":[{"href":"https:\/\/www.historischeskolleg.de\/en\/wp-json\/wp\/v2\/types\/post"}],"author":[{"embeddable":true,"href":"https:\/\/www.historischeskolleg.de\/en\/wp-json\/wp\/v2\/users\/12"}],"replies":[{"embeddable":true,"href":"https:\/\/www.historischeskolleg.de\/en\/wp-json\/wp\/v2\/comments?post=10216"}],"version-history":[{"count":7,"href":"https:\/\/www.historischeskolleg.de\/en\/wp-json\/wp\/v2\/posts\/10216\/revisions"}],"predecessor-version":[{"id":10223,"href":"https:\/\/www.historischeskolleg.de\/en\/wp-json\/wp\/v2\/posts\/10216\/revisions\/10223"}],"wp:featuredmedia":[{"embeddable":true,"href":"https:\/\/www.historischeskolleg.de\/en\/wp-json\/wp\/v2\/media\/5856"}],"wp:attachment":[{"href":"https:\/\/www.historischeskolleg.de\/en\/wp-json\/wp\/v2\/media?parent=10216"}],"wp:term":[{"taxonomy":"category","embeddable":true,"href":"https:\/\/www.historischeskolleg.de\/en\/wp-json\/wp\/v2\/categories?post=10216"},{"taxonomy":"post_tag","embeddable":true,"href":"https:\/\/www.historischeskolleg.de\/en\/wp-json\/wp\/v2\/tags?post=10216"}],"curies":[{"name":"wp","href":"https:\/\/api.w.org\/{rel}","templated":true}]}}